{"id":862,"date":"2017-02-24T18:32:44","date_gmt":"2017-02-24T18:32:44","guid":{"rendered":"http:\/\/www.stoppt-ttip-berlin.de\/?p=862"},"modified":"2017-02-24T18:32:44","modified_gmt":"2017-02-24T18:32:44","slug":"bundnis-ttipunfairhandelbar-ladt-ein-strategie-und-aktionskonferenz-am-24-25-marz-2017-in-der-universitat-kassel","status":"publish","type":"post","link":"https:\/\/www.stoppt-ttip-berlin.de\/?p=862","title":{"rendered":"B\u00fcndnis TTIPunfairhandelbar l\u00e4dt ein: Strategie- und Aktionskonferenz am 24.\/25. M\u00e4rz 2017 in der Universit\u00e4t Kassel"},"content":{"rendered":"<p>Strategie- und Aktionskonferenz am 24.\/25. M\u00e4rz 2017 in der Universit\u00e4t Kassel<\/p>\n<p><img loading=\"lazy\" decoding=\"async\" class=\"alignleft wp-image-861\" src=\"https:\/\/www.stoppt-ttip-berlin.de\/wp-content\/uploads\/2017\/02\/ttipkonferenz2017.png\" alt=\"ttipkonferenz2017\" width=\"600\" height=\"299\" srcset=\"https:\/\/www.stoppt-ttip-berlin.de\/wp-content\/uploads\/2017\/02\/ttipkonferenz2017.png 1071w, https:\/\/www.stoppt-ttip-berlin.de\/wp-content\/uploads\/2017\/02\/ttipkonferenz2017-300x150.png 300w, https:\/\/www.stoppt-ttip-berlin.de\/wp-content\/uploads\/2017\/02\/ttipkonferenz2017-1024x511.png 1024w\" sizes=\"auto, (max-width: 600px) 100vw, 600px\" \/><\/p>\n<p>Der Protest gegen TTIP und CETA fand im Herbst 2016 einen neuerlichen H\u00f6hepunkt, als bundesweit 320.000 Menschen demonstrierten \u2013 wir sind zu einer der gr\u00f6\u00dften Bewegungen seit Langem angewachsen! Zahllose Initiativen und B\u00fcndnisse zeugen von einem neuen Aufbruch f\u00fcr gerechten Welthandel und Demokratie. Seit wir uns im vergangenen Februar zur ersten Aktionskonferenz in Kassel getroffen haben, haben wir viel erreicht: An unserer Kritik kommt keine \u00f6ffentliche Debatte mehr vorbei. Doch trotz der \u00fcberw\u00e4ltigenden Ablehnung in der Bev\u00f6lkerung sind TTIP, CETA, TiSA &amp; Co nicht vom Tisch. Heute stehen wir vor neuen Fragen, die wir nur zusammen beantworten k\u00f6nnen.<\/p>\n<p>Jetzt ist der richtige Zeitpunkt, um uns gemeinsam fit zu machen f\u00fcr die Auseinandersetzungen, die vor uns liegen:<\/p>\n<p><em>1. Wie k\u00f6nnen wir unter den ver\u00e4nderten Vorzeichen handeln, um die breite Unterst\u00fctzung in einen politischen Durchbruch zu verwandeln?<\/em><br \/>\n<em> 2. Wie sch\u00e4rfen wir unsere Argumente gegen die Freihandelsabkommen und die verfehlte Politik, deren Ausdruck sie sind? Wie stellen wir sie zugleich dem grassierenden rechtspopulistischen Standortnationalismus entgegen?<\/em><br \/>\n<em> 3. Was sind unsere handelspolitischen Alternativen und wie k\u00f6nnen wir sie wirkungsvoll platzieren?<\/em><br \/>\n<em> 4. Mit welchen Aktivit\u00e4ten und Projekten k\u00f6nnen wir im Jahr 2017 den Protest gegen Schiedsgerichte, gegen die Privatisierung und Deregulierung \u00f6ffentlicher Dienstleistungen, gegen die Industrialisierung der Landwirtschaft, f\u00fcr eine demokratische und gerechte Gestaltung der Globalisierung sichtbar machen?<\/em><\/p>\n<p>Darum laden wir erneut zu einer Strategie- und Aktionskonferenz am 24.\/25. M\u00e4rz 2017 nach Kassel ein. Die f\u00fcr unsere Bewegung zentralen Themen- und Aktivit\u00e4tsfelder sollen auf drei Panels und in zwei Workshop-Phasen Raum bekommen. Wir wollen uns weiterbilden, vernetzen, beraten und strategische Entscheidungen \u00fcber die n\u00e4chsten Schritte gemeinsam treffen \u2013 insbesondere mit den vielen Aktiven aus lokalen B\u00fcndnissen und Initiativen aus dem gesamten deutschsprachigen Raum. Wir freuen uns auf einen spannenden Austausch!<br \/>\nWeitere Informationen folgen in K\u00fcrze.<\/p>\n<p>Zur <a href=\"http:\/\/ttip-aktionskonferenz.de\/\" target=\"_blank\">Website<\/a><\/p>\n<p>&nbsp;<\/p>\n","protected":false},"excerpt":{"rendered":"<p>Strategie- und Aktionskonferenz am 24.\/25. M\u00e4rz 2017 in der Universit\u00e4t Kassel Der Protest gegen TTIP und CETA fand im Herbst 2016 einen neuerlichen H\u00f6hepunkt, als bundesweit 320.000 Menschen demonstrierten \u2013 wir sind zu einer der gr\u00f6\u00dften Bewegungen seit Langem angewachsen! &hellip; <a href=\"https:\/\/www.stoppt-ttip-berlin.de\/?p=862\">Weiterlesen <span class=\"meta-nav\">&rarr;<\/span><\/a><\/p>\n","protected":false},"author":2,"featured_media":0,"comment_status":"closed","ping_status":"closed","sticky":false,"template":"","format":"standard","meta":{"footnotes":""},"categories":[1],"tags":[],"class_list":["post-862","post","type-post","status-publish","format-standard","hentry","category-uncategorized"],"_links":{"self":[{"href":"https:\/\/www.stoppt-ttip-berlin.de\/index.php?rest_route=\/wp\/v2\/posts\/862","targetHints":{"allow":["GET"]}}],"collection":[{"href":"https:\/\/www.stoppt-ttip-berlin.de\/index.php?rest_route=\/wp\/v2\/posts"}],"about":[{"href":"https:\/\/www.stoppt-ttip-berlin.de\/index.php?rest_route=\/wp\/v2\/types\/post"}],"author":[{"embeddable":true,"href":"https:\/\/www.stoppt-ttip-berlin.de\/index.php?rest_route=\/wp\/v2\/users\/2"}],"replies":[{"embeddable":true,"href":"https:\/\/www.stoppt-ttip-berlin.de\/index.php?rest_route=%2Fwp%2Fv2%2Fcomments&post=862"}],"version-history":[{"count":1,"href":"https:\/\/www.stoppt-ttip-berlin.de\/index.php?rest_route=\/wp\/v2\/posts\/862\/revisions"}],"predecessor-version":[{"id":863,"href":"https:\/\/www.stoppt-ttip-berlin.de\/index.php?rest_route=\/wp\/v2\/posts\/862\/revisions\/863"}],"wp:attachment":[{"href":"https:\/\/www.stoppt-ttip-berlin.de\/index.php?rest_route=%2Fwp%2Fv2%2Fmedia&parent=862"}],"wp:term":[{"taxonomy":"category","embeddable":true,"href":"https:\/\/www.stoppt-ttip-berlin.de\/index.php?rest_route=%2Fwp%2Fv2%2Fcategories&post=862"},{"taxonomy":"post_tag","embeddable":true,"href":"https:\/\/www.stoppt-ttip-berlin.de\/index.php?rest_route=%2Fwp%2Fv2%2Ftags&post=862"}],"curies":[{"name":"wp","href":"https:\/\/api.w.org\/{rel}","templated":true}]}}