{"id":807,"date":"2017-02-08T20:54:30","date_gmt":"2017-02-08T20:54:30","guid":{"rendered":"http:\/\/www.stoppt-ttip-berlin.de\/?p=807"},"modified":"2017-02-08T20:55:45","modified_gmt":"2017-02-08T20:55:45","slug":"13-februar-2017-aktion-zur-ceta-abstimmung-im-europaparlament","status":"publish","type":"post","link":"https:\/\/www.stoppt-ttip-berlin.de\/?p=807","title":{"rendered":"13. Februar 2017 &#8211; Aktion zur CETA-Abstimmung im Europaparlament"},"content":{"rendered":"<p><img decoding=\"async\" class=\"alignnone size-full wp-image-3815\" src=\"https:\/\/hiksch.files.wordpress.com\/2017\/01\/dsc_0142.jpg?w=540\" sizes=\"(max-width: 540px) 100vw, 540px\" srcset=\"https:\/\/hiksch.files.wordpress.com\/2017\/01\/dsc_0142.jpg?w=540 540w, https:\/\/hiksch.files.wordpress.com\/2017\/01\/dsc_0142.jpg?w=1080 1080w, https:\/\/hiksch.files.wordpress.com\/2017\/01\/dsc_0142.jpg?w=150 150w, https:\/\/hiksch.files.wordpress.com\/2017\/01\/dsc_0142.jpg?w=300 300w, https:\/\/hiksch.files.wordpress.com\/2017\/01\/dsc_0142.jpg?w=768 768w, https:\/\/hiksch.files.wordpress.com\/2017\/01\/dsc_0142.jpg?w=1024 1024w\" alt=\"dsc_0142\" data-attachment-id=\"3815\" data-permalink=\"https:\/\/hiksch.com\/2017\/01\/08\/umweltbewegung-demonstriert-vor-europabuero-von-susanne-melior-und-fordert-nein-zu-ceta\/dsc_0142\/\" data-orig-file=\"https:\/\/hiksch.files.wordpress.com\/2017\/01\/dsc_0142.jpg?w=540\" data-orig-size=\"4400,1271\" data-comments-opened=\"1\" data-image-meta=\"{&quot;aperture&quot;:&quot;10&quot;,&quot;credit&quot;:&quot;&quot;,&quot;camera&quot;:&quot;NIKON D3300&quot;,&quot;caption&quot;:&quot;&quot;,&quot;created_timestamp&quot;:&quot;1483703146&quot;,&quot;copyright&quot;:&quot;&quot;,&quot;focal_length&quot;:&quot;18&quot;,&quot;iso&quot;:&quot;200&quot;,&quot;shutter_speed&quot;:&quot;0.0025&quot;,&quot;title&quot;:&quot;&quot;,&quot;orientation&quot;:&quot;1&quot;}\" data-image-title=\"dsc_0142\" data-image-description=\"\" data-medium-file=\"https:\/\/hiksch.files.wordpress.com\/2017\/01\/dsc_0142.jpg?w=540?w=300\" data-large-file=\"https:\/\/hiksch.files.wordpress.com\/2017\/01\/dsc_0142.jpg?w=540?w=540\" \/><\/p>\n<p>(8.2.2017) In der n\u00e4chsten Sitzungswoche des Europ\u00e4ischen Parlaments wird die abschlie\u00dfende Abstimmung zum Freihandelsabkommen EU-Kanada (CETA) stattfinden (voraussichtlich am 15. Februar)<\/p>\n<p>Eine entscheidende Rolle kommt den Mitgliedern der deutschen Delegationen in den gro\u00dfen Fraktionen im Europ\u00e4ischen Parlament zukommen. Deshalb werden wir am Montag, 13. Februar 2017 eine Kundgebung vor der deutschen Vertretung des Europ\u00e4ischen Parlaments abhalten, um die Abgeordneten auffordern, mit Nein zu stimmen.<\/p>\n<p>Mit einer gro\u00dfen Wahlurne werden wir f\u00fcr ein Nein bei der CETA-Abstimmung werben und dann mit einer Menschenkette die NEIN-Voten symbolisch zur EU-Vertretung bringen.<\/p>\n<p><strong>Wir treffen uns<br \/>\n<\/strong><\/p>\n<p><strong>Montag, 13. Februar 2017<\/strong><br \/>\n<strong>12.00 Uhr<\/strong><br \/>\n<strong>vor der EU-Vertretung, Unter den Linden 78, 10117 Berlin (<a href=\"http:\/\/osm.org\/go\/0MbFCubYg-?m=\" target=\"_blank\">Openstreetmap<\/a>)<br \/>\n<\/strong><\/p>\n<p>&nbsp;<\/p>\n","protected":false},"excerpt":{"rendered":"<p>(8.2.2017) In der n\u00e4chsten Sitzungswoche des Europ\u00e4ischen Parlaments wird die abschlie\u00dfende Abstimmung zum Freihandelsabkommen EU-Kanada (CETA) stattfinden (voraussichtlich am 15. Februar) Eine entscheidende Rolle kommt den Mitgliedern der deutschen Delegationen in den gro\u00dfen Fraktionen im Europ\u00e4ischen Parlament zukommen. Deshalb werden &hellip; <a href=\"https:\/\/www.stoppt-ttip-berlin.de\/?p=807\">Weiterlesen <span class=\"meta-nav\">&rarr;<\/span><\/a><\/p>\n","protected":false},"author":2,"featured_media":0,"comment_status":"closed","ping_status":"closed","sticky":false,"template":"","format":"standard","meta":{"footnotes":""},"categories":[1],"tags":[74,6,73,14],"class_list":["post-807","post","type-post","status-publish","format-standard","hentry","category-uncategorized","tag-abstimmung","tag-ceta","tag-eu-parlament","tag-menschenkette"],"_links":{"self":[{"href":"https:\/\/www.stoppt-ttip-berlin.de\/index.php?rest_route=\/wp\/v2\/posts\/807","targetHints":{"allow":["GET"]}}],"collection":[{"href":"https:\/\/www.stoppt-ttip-berlin.de\/index.php?rest_route=\/wp\/v2\/posts"}],"about":[{"href":"https:\/\/www.stoppt-ttip-berlin.de\/index.php?rest_route=\/wp\/v2\/types\/post"}],"author":[{"embeddable":true,"href":"https:\/\/www.stoppt-ttip-berlin.de\/index.php?rest_route=\/wp\/v2\/users\/2"}],"replies":[{"embeddable":true,"href":"https:\/\/www.stoppt-ttip-berlin.de\/index.php?rest_route=%2Fwp%2Fv2%2Fcomments&post=807"}],"version-history":[{"count":3,"href":"https:\/\/www.stoppt-ttip-berlin.de\/index.php?rest_route=\/wp\/v2\/posts\/807\/revisions"}],"predecessor-version":[{"id":810,"href":"https:\/\/www.stoppt-ttip-berlin.de\/index.php?rest_route=\/wp\/v2\/posts\/807\/revisions\/810"}],"wp:attachment":[{"href":"https:\/\/www.stoppt-ttip-berlin.de\/index.php?rest_route=%2Fwp%2Fv2%2Fmedia&parent=807"}],"wp:term":[{"taxonomy":"category","embeddable":true,"href":"https:\/\/www.stoppt-ttip-berlin.de\/index.php?rest_route=%2Fwp%2Fv2%2Fcategories&post=807"},{"taxonomy":"post_tag","embeddable":true,"href":"https:\/\/www.stoppt-ttip-berlin.de\/index.php?rest_route=%2Fwp%2Fv2%2Ftags&post=807"}],"curies":[{"name":"wp","href":"https:\/\/api.w.org\/{rel}","templated":true}]}}