{"id":706,"date":"2016-12-30T13:15:01","date_gmt":"2016-12-30T13:15:01","guid":{"rendered":"http:\/\/www.stoppt-ttip-berlin.de\/?p=706"},"modified":"2016-12-30T20:01:42","modified_gmt":"2016-12-30T20:01:42","slug":"sagen-sie-nein-zu-ceta-frau-melior-kundgebung-am-6-1-2017-in-potsdam","status":"publish","type":"post","link":"https:\/\/www.stoppt-ttip-berlin.de\/?p=706","title":{"rendered":"Sagen Sie NEIN zu CETA, Frau Melior! Kundgebung am 6.1.2017 in Potsdam"},"content":{"rendered":"<p><strong>Jetzt kommt es darauf an: CETA im Europ\u00e4ischen Parlament stoppen!<\/strong><\/p>\n<p><img loading=\"lazy\" decoding=\"async\" class=\"alignleft wp-image-719\" src=\"https:\/\/www.stoppt-ttip-berlin.de\/wp-content\/uploads\/2016\/12\/SCHRIFTZUG_klein.jpg\" alt=\"\" width=\"400\" height=\"136\" srcset=\"https:\/\/www.stoppt-ttip-berlin.de\/wp-content\/uploads\/2016\/12\/SCHRIFTZUG_klein.jpg 1000w, https:\/\/www.stoppt-ttip-berlin.de\/wp-content\/uploads\/2016\/12\/SCHRIFTZUG_klein-300x102.jpg 300w\" sizes=\"auto, (max-width: 400px) 100vw, 400px\" \/>In der Sitzungswoche vom 10. \u2013 13. Januar 2017 wird sich der <em>Ausschuss f\u00fcr Umweltfragen, \u00f6ffentliche Gesundheit und Lebensmittelsicherheit<\/em> (<a href=\"http:\/\/www.europarl.europa.eu\/committees\/de\/envi\/home.html\" target=\"_blank\">ENVI<\/a>) im Europ\u00e4ischen Parlament mit dem Votum f\u00fcr die abschlie\u00dfende Abstimmung im Plenum des Europ\u00e4ischen Parlaments (voraussichtlich Anfang Februar 2017) zum Freihandelsabkommen EU-Kanada (CETA) besch\u00e4ftigen.[1] Nachdem der <em>Besch\u00e4ftigungs- und Sozialausschuss<\/em> des EU-Parlaments (EMPL) am 8. Dezember 2016 eine <a href=\"http:\/\/berliner-wassertisch.info\/empl-empfiehlt-stopceta-20161208\/\" target=\"_blank\">Ablehnung des CETA-Vertrags empfohlen<\/a> hat, hoffen wir, dass der <em>Umweltausschuss<\/em> ebenfalls eine Ablehnung empfehlen wird.<\/p>\n<p>Eine entscheidende Rolle kommt den Mitgliedern der SD-Fraktion im Europ\u00e4ischen Parlament zu. Die Europaabgeordnete der SPD, Susanne Melior, ist Mitglied im <em>Umweltausschuss<\/em>. Wir werden am Freitag, 06. Januar 2017 eine Kundgebung vor dem Europab\u00fcro von Frau Melior abhalten, um sie zu bitten, sich im Ausschuss f\u00fcr ein Nein zu CETA einzusetzen.<\/p>\n<p><img loading=\"lazy\" decoding=\"async\" class=\" size-full wp-image-712 aligncenter\" src=\"https:\/\/www.stoppt-ttip-berlin.de\/wp-content\/uploads\/2016\/12\/ROTELINIEN_SPD.png\" alt=\"rotelinien_spd\" width=\"528\" height=\"364\" srcset=\"https:\/\/www.stoppt-ttip-berlin.de\/wp-content\/uploads\/2016\/12\/ROTELINIEN_SPD.png 528w, https:\/\/www.stoppt-ttip-berlin.de\/wp-content\/uploads\/2016\/12\/ROTELINIEN_SPD-300x207.png 300w\" sizes=\"auto, (max-width: 528px) 100vw, 528px\" \/><\/p>\n<p>Der CETA-Vertrag wird den \u201eroten Linien\u201c, die sich die SPD in sehr intensiven Diskussionen gegeben hat, und die auf einem Parteitag und einem Parteikonvent beschlossen wurden, nicht gerecht. Deshalb bitten wir Frau Melior, gegen CETA zu votieren. Ausdr\u00fccklich haben wir Frau Melior eingeladen, an dem Tag zu uns zu sprechen.<\/p>\n<p>Wir wollen mit der Kundgebung die vielen SPD-Mitglieder st\u00e4rken, die sich gegen CETA gewandt haben und daf\u00fcr werben, dass Sozialdemokrat*innen im Europ\u00e4ischen Parlament gegen CETA zu stimmen.<\/p>\n<p style=\"text-align: center;\"><strong>Wir treffen uns zur<\/strong><br \/>\n<strong> Kundgebung vor dem Europab\u00fcro von Frau Melior<\/strong><br \/>\n<strong> Freitag, 06.01.2017<\/strong><br \/>\n<strong> 11.00 Uhr<\/strong><br \/>\n<strong> Vor dem SPD-Europab\u00fcro von Susanne Melior, Alleestra\u00dfe 9, 14469 Potsdam (<a href=\"http:\/\/osm.org\/go\/0MZgw88S?node=3419564193\" target=\"_blank\">Openstreetmap<\/a>)<\/strong><\/p>\n<p>Es l\u00e4dt ein<\/p>\n<p><img loading=\"lazy\" decoding=\"async\" class=\"alignleft size-large wp-image-716\" src=\"https:\/\/www.stoppt-ttip-berlin.de\/wp-content\/uploads\/2016\/12\/SCHRIFTZUG-1024x91.jpg\" alt=\"schriftzug\" width=\"640\" height=\"57\" srcset=\"https:\/\/www.stoppt-ttip-berlin.de\/wp-content\/uploads\/2016\/12\/SCHRIFTZUG-1024x91.jpg 1024w, https:\/\/www.stoppt-ttip-berlin.de\/wp-content\/uploads\/2016\/12\/SCHRIFTZUG-300x27.jpg 300w\" sizes=\"auto, (max-width: 640px) 100vw, 640px\" \/><\/p>\n<p style=\"text-align: left;\"><em>und Verb\u00e4nde und Initiativen aus Berlin und Brandenburg<\/em><\/p>\n<p>[1] Ausschuss f\u00fcr Umweltfragen, \u00f6ffentliche Gesundheit und Lebensmittelsicherheit: <a href=\"http:\/\/www.europarl.europa.eu\/sides\/getDoc.do?pubRef=-%2f%2fEP%2f%2fTEXT%2bCOMPARL%2bENVI-OJ-20170112-1%2b01%2bDOC%2bXML%2bV0%2f%2fDE&amp;language=DE\" target=\"_blank\">ENTWURF DER TAGESORDNUNG<\/a>, Sitzung, Donnerstag, 12. Januar 2017, 8.30 \u2013 12.30 Uhr Br\u00fcssel. Saal: J\u00f3zsef Antall (2Q2).<\/p>\n<p>Bart Staes: <a href=\"http:\/\/www.europarl.europa.eu\/sides\/getDoc.do?type=COMPARL&amp;reference=PE-595.582&amp;secondRef=01&amp;language=DE\" target=\"_blank\">ENTWURF EINER STELLUNGNAHME<\/a> zu dem Vorschlag f\u00fcr einen Beschluss des Rates \u00fcber den Abschluss des umfassenden Wirtschafts- und Handelsabkommens (CETA) zwischen Kanada einerseits und der Europ\u00e4ischen Union und ihren Mitgliedstaaten andererseits. (6.12.2016)<\/p>\n<p>Bart Staes: <a href=\"http:\/\/www.europarl.europa.eu\/sides\/getDoc.do?type=COMPARL&amp;reference=PE-595.694&amp;secondRef=01&amp;language=DE\" target=\"_blank\">\u00c4NDERUNGSANTR\u00c4GE 1 \u2013 4<\/a>. Entwurf einer Stellungnahme &#8211; Vorschlag f\u00fcr einen Beschluss des Rates \u00fcber den Abschluss des umfassenden Wirtschafts- und Handelsabkommens (CETA) zwischen Kanada einerseits und der Europ\u00e4ischen Union und ihren Mitgliedstaaten andererseits. (14.12.2016)<\/p>\n","protected":false},"excerpt":{"rendered":"<p>Jetzt kommt es darauf an: CETA im Europ\u00e4ischen Parlament stoppen! In der Sitzungswoche vom 10. \u2013 13. Januar 2017 wird sich der Ausschuss f\u00fcr Umweltfragen, \u00f6ffentliche Gesundheit und Lebensmittelsicherheit (ENVI) im Europ\u00e4ischen Parlament mit dem Votum f\u00fcr die abschlie\u00dfende Abstimmung &hellip; <a href=\"https:\/\/www.stoppt-ttip-berlin.de\/?p=706\">Weiterlesen <span class=\"meta-nav\">&rarr;<\/span><\/a><\/p>\n","protected":false},"author":2,"featured_media":0,"comment_status":"closed","ping_status":"closed","sticky":false,"template":"","format":"standard","meta":{"footnotes":""},"categories":[1],"tags":[6,69,72,68,70,71],"class_list":["post-706","post","type-post","status-publish","format-standard","hentry","category-uncategorized","tag-ceta","tag-envi","tag-europaparlament","tag-melior","tag-spd","tag-umweltausschuss"],"_links":{"self":[{"href":"https:\/\/www.stoppt-ttip-berlin.de\/index.php?rest_route=\/wp\/v2\/posts\/706","targetHints":{"allow":["GET"]}}],"collection":[{"href":"https:\/\/www.stoppt-ttip-berlin.de\/index.php?rest_route=\/wp\/v2\/posts"}],"about":[{"href":"https:\/\/www.stoppt-ttip-berlin.de\/index.php?rest_route=\/wp\/v2\/types\/post"}],"author":[{"embeddable":true,"href":"https:\/\/www.stoppt-ttip-berlin.de\/index.php?rest_route=\/wp\/v2\/users\/2"}],"replies":[{"embeddable":true,"href":"https:\/\/www.stoppt-ttip-berlin.de\/index.php?rest_route=%2Fwp%2Fv2%2Fcomments&post=706"}],"version-history":[{"count":11,"href":"https:\/\/www.stoppt-ttip-berlin.de\/index.php?rest_route=\/wp\/v2\/posts\/706\/revisions"}],"predecessor-version":[{"id":721,"href":"https:\/\/www.stoppt-ttip-berlin.de\/index.php?rest_route=\/wp\/v2\/posts\/706\/revisions\/721"}],"wp:attachment":[{"href":"https:\/\/www.stoppt-ttip-berlin.de\/index.php?rest_route=%2Fwp%2Fv2%2Fmedia&parent=706"}],"wp:term":[{"taxonomy":"category","embeddable":true,"href":"https:\/\/www.stoppt-ttip-berlin.de\/index.php?rest_route=%2Fwp%2Fv2%2Fcategories&post=706"},{"taxonomy":"post_tag","embeddable":true,"href":"https:\/\/www.stoppt-ttip-berlin.de\/index.php?rest_route=%2Fwp%2Fv2%2Ftags&post=706"}],"curies":[{"name":"wp","href":"https:\/\/api.w.org\/{rel}","templated":true}]}}