{"id":695,"date":"2016-11-01T16:45:06","date_gmt":"2016-11-01T16:45:06","guid":{"rendered":"http:\/\/www.stoppt-ttip-berlin.de\/?p=695"},"modified":"2016-11-01T16:47:51","modified_gmt":"2016-11-01T16:47:51","slug":"berlin-ist-auch-wallonie-ceta-ablehnung-im-bundesrat-kommt-in-den-koalitionsvertrag","status":"publish","type":"post","link":"https:\/\/www.stoppt-ttip-berlin.de\/?p=695","title":{"rendered":"Berlin ist auch Wallonie! CETA-Ablehnung im Bundesrat kommt in  den Koalitionsvertrag"},"content":{"rendered":"<p><a href=\"https:\/\/www.stoppt-ttip-berlin.de\/wp-content\/uploads\/2016\/10\/CETA-B\u00e4r.jpg\"><img loading=\"lazy\" decoding=\"async\" class=\"  wp-image-659 alignright\" src=\"https:\/\/www.stoppt-ttip-berlin.de\/wp-content\/uploads\/2016\/10\/CETA-B\u00e4r-271x300.jpg\" alt=\"ceta-bar\" width=\"170\" height=\"189\" srcset=\"https:\/\/www.stoppt-ttip-berlin.de\/wp-content\/uploads\/2016\/10\/CETA-B\u00e4r-271x300.jpg 271w, https:\/\/www.stoppt-ttip-berlin.de\/wp-content\/uploads\/2016\/10\/CETA-B\u00e4r.jpg 578w\" sizes=\"auto, (max-width: 170px) 100vw, 170px\" \/><\/a>Gerade wurde der Vertrag zwischen der EU und Kanada unterzeichnet, aber das hei\u00dft noch lange nicht, dass CETA kommt. Der unterzeichnete Vertrag muss nun vom Europ\u00e4ischen Parlament verabschiedet werden und dann muss er noch durch alle nationalen und zum Teil auch durch Regionalparlamente. Und in Deutschland wohl auch durch den Bundesrat. Und das wird nicht reibungslos vonstattengehen, daf\u00fcr ist der Protest aus der Fl\u00e4che zu gewaltig gewesen. Nun wird es in den n\u00e4chsten 1-2 Jahren auch darauf ankommen, diesen weiter am Leben zu erhalten. Abgesehen davon dass auch noch der Europ\u00e4ische Gerichtshof und das Bundesverfassungsgericht sich mit CETA besch\u00e4ftigen werden.<br \/>\n<strong>Und Berlin hat da gerade gut vorgelegt<\/strong><br \/>\nFalls es zu einer Berliner Landesregierung aus SPD, Die Linke und B\u00fcndnis 90\/die Gr\u00fcnen kommt, hat diese sich schon festgelegt: Berlin wird bei einer m\u00f6glichen Bundesratsabstimmung CETA ablehnen. Das wird in den Koalitionsvertrag vereinbart. Damit sind sie bisher die einzige Landesregierung, die sich so eindeutig festgelegt hat.<br \/>\nDas ist ein gutes Signal, zeigt es doch, dass nicht nur die Wallonie dem Abkommen sehr kritisch gegen\u00fcber steht und seine demokratisch gew\u00e4hlte Regionalregierung die Bedenken seiner B\u00fcrgerInnen und deren Vertretung wahrnimmt.<br \/>\nDer Eindruck, dass allein die Wallonie in ganz Europa sich gegen CETA stemmt, ist falsch. Mal abgesehen von den Protesten auf der Stra\u00dfe, den 3 Millionen Europ\u00e4erInnen, die die Europ\u00e4ische B\u00fcrgerinitiative unterschrieben haben, gibt es in ganz Europa \u00fcber 2.000 St\u00e4dte und Gemeinden, die CETA-kritische Beschl\u00fcsse gefasst und sich zum Teil zu CETA-TTIP-freien Zonen erkl\u00e4rt haben.<\/p>\n<p>**********************************************************************<\/p>\n","protected":false},"excerpt":{"rendered":"<p>Gerade wurde der Vertrag zwischen der EU und Kanada unterzeichnet, aber das hei\u00dft noch lange nicht, dass CETA kommt. Der unterzeichnete Vertrag muss nun vom Europ\u00e4ischen Parlament verabschiedet werden und dann muss er noch durch alle nationalen und zum Teil &hellip; <a href=\"https:\/\/www.stoppt-ttip-berlin.de\/?p=695\">Weiterlesen <span class=\"meta-nav\">&rarr;<\/span><\/a><\/p>\n","protected":false},"author":4,"featured_media":0,"comment_status":"closed","ping_status":"closed","sticky":false,"template":"","format":"standard","meta":{"footnotes":""},"categories":[1],"tags":[],"class_list":["post-695","post","type-post","status-publish","format-standard","hentry","category-uncategorized"],"_links":{"self":[{"href":"https:\/\/www.stoppt-ttip-berlin.de\/index.php?rest_route=\/wp\/v2\/posts\/695","targetHints":{"allow":["GET"]}}],"collection":[{"href":"https:\/\/www.stoppt-ttip-berlin.de\/index.php?rest_route=\/wp\/v2\/posts"}],"about":[{"href":"https:\/\/www.stoppt-ttip-berlin.de\/index.php?rest_route=\/wp\/v2\/types\/post"}],"author":[{"embeddable":true,"href":"https:\/\/www.stoppt-ttip-berlin.de\/index.php?rest_route=\/wp\/v2\/users\/4"}],"replies":[{"embeddable":true,"href":"https:\/\/www.stoppt-ttip-berlin.de\/index.php?rest_route=%2Fwp%2Fv2%2Fcomments&post=695"}],"version-history":[{"count":2,"href":"https:\/\/www.stoppt-ttip-berlin.de\/index.php?rest_route=\/wp\/v2\/posts\/695\/revisions"}],"predecessor-version":[{"id":697,"href":"https:\/\/www.stoppt-ttip-berlin.de\/index.php?rest_route=\/wp\/v2\/posts\/695\/revisions\/697"}],"wp:attachment":[{"href":"https:\/\/www.stoppt-ttip-berlin.de\/index.php?rest_route=%2Fwp%2Fv2%2Fmedia&parent=695"}],"wp:term":[{"taxonomy":"category","embeddable":true,"href":"https:\/\/www.stoppt-ttip-berlin.de\/index.php?rest_route=%2Fwp%2Fv2%2Fcategories&post=695"},{"taxonomy":"post_tag","embeddable":true,"href":"https:\/\/www.stoppt-ttip-berlin.de\/index.php?rest_route=%2Fwp%2Fv2%2Ftags&post=695"}],"curies":[{"name":"wp","href":"https:\/\/api.w.org\/{rel}","templated":true}]}}