{"id":689,"date":"2016-10-29T07:09:41","date_gmt":"2016-10-29T07:09:41","guid":{"rendered":"http:\/\/www.stoppt-ttip-berlin.de\/?p=689"},"modified":"2016-10-29T07:12:46","modified_gmt":"2016-10-29T07:12:46","slug":"merci-wallonie-ceta-stoppen-aktion-vor-der-belgischen-botschaft-am-26-10-16","status":"publish","type":"post","link":"https:\/\/www.stoppt-ttip-berlin.de\/?p=689","title":{"rendered":"&#8222;Merci Wallonie &#8211; CETA stoppen!&#8220; Aktion vor der belgischen Botschaft am 26.10.16"},"content":{"rendered":"<p>Das Berliner <em>Netzwerk TTIP | CETA | TiSA stoppen!<\/em> hat anl\u00e4sslich der Weigerung Walloniens, dem CETA-Vertrag zuzustimmen, kurzfristig zu einer halbst\u00fcndigen Kundgebung f\u00fcr Mittwoch, 26. Oktober, 12 Uhr vor der belgischen Botschaft aufgerufen.<img loading=\"lazy\" decoding=\"async\" class=\"size-full wp-image-19358 aligncenter\" src=\"http:\/\/www.gegen-gasbohren.de\/wp-content\/uploads\/2016\/10\/2.png\" alt=\"2\" width=\"600\" height=\"291\" \/><\/p>\n<p>Unter dem Motto<em> \u201eMerci, Wallonie \u2013 CETA stoppen!\u201c<\/em> demonstrierten ca. 100 Menschen gegen das Investitionsschutzabkommen CETA und brachten dadurch ihre Unterst\u00fctzung f\u00fcr die Wallonen zum Ausdruck. Denn allen ist bewusst, wie stark der Druck der CETA-Lobbyisten auf Wallonien ist.<br \/>\n<img loading=\"lazy\" decoding=\"async\" class=\"alignleft wp-image-18113\" src=\"http:\/\/www.berliner-wassertisch.info\/wp-content\/uploads\/2016\/10\/1_kl.jpg\" alt=\"1\" width=\"286\" height=\"240\" \/><br \/>\nMit einem bunten Aktionsbild haben die Organisationen, darunter Greenpeace, der BUND und BUNDjugend, Attac, Berliner Wassertisch, Campact, der Parit\u00e4tische Wohlfahrtsverband, AntiAtom, NaturFreunde, NaturFreunde Jugend, Mehr Demokratie e.V., Ende Gel\u00e4nde, Piratenpartei und LINKE, deutlich gemacht, dass gro\u00dfe Teile der Zivilgesellschaft das Investitionsschutzabkommen zwischen der EU und Kanada ablehnen. Zum Einsatz kamen auch einige Schilder der TTIP-CETA-TiSA-freien Kommunen. Es gab Statements von J\u00f6rg Haas (Campact), Uwe Hiksch (NaturFreunde) und Miko Omietanski (BUND).<\/p>\n<h3>Bilder vom BUND <a href=\"https:\/\/m.flickr.com\/#\/photos\/bund_bundesverband\/29943890743\/\" target=\"_blank\">hier<\/a> \u00a0 \u00a0 \u00a0 \u00a0 \u00a0 \u00a0 \u00a0 Bilder von Campact <a href=\"https:\/\/www.flickr.com\/photos\/campact\/albums\/72157675723836905\">hier<\/a><\/h3>\n<h2>Presseresonanz (vor allem Bilder):<\/h2>\n<p><a href=\"http:\/\/www.tagesspiegel.de\/politik\/freihandelsabkommen-kanada-sagt-teilnahme-am-ceta-gipfel-ab\/14742784.html\" target=\"_blank\" rel=\"noreferrer\">http:\/\/www.tagesspiegel.de\/politik\/freihandelsabkommen-kanada-sagt-teilnahme-am-ceta-gipfel-ab\/14742784.html<\/a><br \/>\n<a href=\"http:\/\/www.mdr.de\/nachrichten\/politik\/ausland\/eu-kanada-ceta-absage-gipfel-100.html\" target=\"_blank\" rel=\"noreferrer\">http:\/\/www.mdr.de\/nachrichten\/politik\/ausland\/eu-kanada-ceta-absage-gipfel-100.html<\/a><br \/>\n<a href=\"http:\/\/www.bz-berlin.de\/liveticker\/demo-vor-der-belgischen-botschaft\" target=\"_blank\" rel=\"noreferrer\">http:\/\/www.bz-berlin.de\/liveticker\/demo-vor-der-belgischen-botschaft<\/a><br \/>\n<a href=\"http:\/\/www.wiwo.de\/politik\/europa\/ceta-eu-kanada-gipfel-wackelt\/14740844.html\" target=\"_blank\" rel=\"noreferrer\">http:\/\/www.wiwo.de\/politik\/europa\/ceta-eu-kanada-gipfel-wackelt\/14740844.html<\/a><br \/>\n<a href=\"https:\/\/www.mainpost.de\/ueberregional\/politik\/brennpunkte\/Ceta-Einigung-moeglich-Gipfel-geplatzt;art112,9396159\" target=\"_blank\" rel=\"noreferrer\">https:\/\/www.mainpost.de\/ueberregional\/politik\/brennpunkte\/Ceta-Einigung-moeglich-Gipfel-geplatzt;art112,9396159<\/a><br \/>\n<a href=\"http:\/\/www.heimatzeitung.de\/startseite\/blickpunkte\/2271305_Kanada-laesst-wegen-Ceta-Hickhack-den-Gipfel-platzen.html\" target=\"_blank\" rel=\"noreferrer\">http:\/\/www.heimatzeitung.de\/startseite\/blickpunkte\/2271305_Kanada-laesst-wegen-Ceta-Hickhack-den-Gipfel-platzen.html<\/a><br \/>\n<a href=\"http:\/\/taz.de\/Einigung-Handelsabkommen-mit-Kanada\/%215352200\/\" target=\"_blank\">http:\/\/taz.de\/Einigung-Handelsabkommen-mit-Kanada\/!5352200\/<\/a><br \/>\n<a class=\"moz-txt-link-freetext\" href=\"http:\/\/www.vorwaerts.de\/artikel\/widerstand-gegen-ceta-europa-geiselhaft\" target=\"_blank\" rel=\"noreferrer\">http:\/\/www.vorwaerts.de\/artikel\/widerstand-gegen-ceta-europa-geiselhaft<\/a><br \/>\n<a class=\"moz-txt-link-freetext\" href=\"http:\/\/ostbelgiendirekt.be\/eu-sagt-gipfel-mit-kanada-ab-unterzeichnung-von-ceta-vertagt-113482\" target=\"_blank\" rel=\"noreferrer\">http:\/\/ostbelgiendirekt.be\/eu-sagt-gipfel-mit-kanada-ab-unterzeichnung-von-ceta-vertagt-113482<\/a><br \/>\n<a class=\"moz-txt-link-freetext\" href=\"http:\/\/www.zeit.de\/2016\/45\/wallonie-belgien-ceta-eu-freihandelsabkommen\" target=\"_blank\" rel=\"noreferrer\">http:\/\/www.zeit.de\/2016\/45\/wallonie-belgien-ceta-eu-freihandelsabkommen<\/a><br \/>\n&nbsp;<\/p>\n<p><span style=\"color: #808080;\"><em>Zum Berliner Netzwerk TTIP | TISA | CETA stoppen! geh\u00f6ren: NaturFreunde Berlin, Greenpeace Berlin, Berliner Wassertisch, DGB Region Berlin, GR\u00dcNE LIGA, Attac Berlin, BUNDjugend Berlin, Mehr Demokratie, Arbeitskreis Internationalismus (IG Metall Berlin), Gen-ethisches Netzwerk, Anti Atom Berlin, Powershift, NABU Berlin, BUND Berlin, DIDF, DIDF-Jugend, FIAN Berlin.<\/em><\/span><\/p>\n<p>Quelle: <a href=\"http:\/\/berliner-wassertisch.info\/merci-wallonie-ceta-stoppen-kundgebung\/\">Berliner Wassertisch<\/a>, (26.10.2016)<\/p>\n<p>&nbsp;<\/p>\n","protected":false},"excerpt":{"rendered":"<p>Das Berliner Netzwerk TTIP | CETA | TiSA stoppen! hat anl\u00e4sslich der Weigerung Walloniens, dem CETA-Vertrag zuzustimmen, kurzfristig zu einer halbst\u00fcndigen Kundgebung f\u00fcr Mittwoch, 26. Oktober, 12 Uhr vor der belgischen Botschaft aufgerufen. Unter dem Motto \u201eMerci, Wallonie \u2013 CETA &hellip; <a href=\"https:\/\/www.stoppt-ttip-berlin.de\/?p=689\">Weiterlesen <span class=\"meta-nav\">&rarr;<\/span><\/a><\/p>\n","protected":false},"author":2,"featured_media":0,"comment_status":"closed","ping_status":"closed","sticky":false,"template":"","format":"standard","meta":{"footnotes":""},"categories":[1],"tags":[59,56,34,64,65,57,6,27,58,63,52,67,62,55,60,61,66,53],"class_list":["post-689","post","type-post","status-publish","format-standard","hentry","category-uncategorized","tag-antiatom","tag-attac","tag-berliner-wassertisch","tag-bund","tag-bundjugend","tag-campact","tag-ceta","tag-ceta-stoppen","tag-der-paritatische-wohlfahrtsverband","tag-ende-gelande","tag-greenpeace","tag-linke","tag-mehr-demokratie-e-v","tag-merci-wallonie","tag-naturfreunde","tag-naturfreunde-jugend","tag-piraten","tag-wallonie"],"_links":{"self":[{"href":"https:\/\/www.stoppt-ttip-berlin.de\/index.php?rest_route=\/wp\/v2\/posts\/689","targetHints":{"allow":["GET"]}}],"collection":[{"href":"https:\/\/www.stoppt-ttip-berlin.de\/index.php?rest_route=\/wp\/v2\/posts"}],"about":[{"href":"https:\/\/www.stoppt-ttip-berlin.de\/index.php?rest_route=\/wp\/v2\/types\/post"}],"author":[{"embeddable":true,"href":"https:\/\/www.stoppt-ttip-berlin.de\/index.php?rest_route=\/wp\/v2\/users\/2"}],"replies":[{"embeddable":true,"href":"https:\/\/www.stoppt-ttip-berlin.de\/index.php?rest_route=%2Fwp%2Fv2%2Fcomments&post=689"}],"version-history":[{"count":3,"href":"https:\/\/www.stoppt-ttip-berlin.de\/index.php?rest_route=\/wp\/v2\/posts\/689\/revisions"}],"predecessor-version":[{"id":692,"href":"https:\/\/www.stoppt-ttip-berlin.de\/index.php?rest_route=\/wp\/v2\/posts\/689\/revisions\/692"}],"wp:attachment":[{"href":"https:\/\/www.stoppt-ttip-berlin.de\/index.php?rest_route=%2Fwp%2Fv2%2Fmedia&parent=689"}],"wp:term":[{"taxonomy":"category","embeddable":true,"href":"https:\/\/www.stoppt-ttip-berlin.de\/index.php?rest_route=%2Fwp%2Fv2%2Fcategories&post=689"},{"taxonomy":"post_tag","embeddable":true,"href":"https:\/\/www.stoppt-ttip-berlin.de\/index.php?rest_route=%2Fwp%2Fv2%2Ftags&post=689"}],"curies":[{"name":"wp","href":"https:\/\/api.w.org\/{rel}","templated":true}]}}