{"id":244,"date":"2015-05-08T11:10:11","date_gmt":"2015-05-08T11:10:11","guid":{"rendered":"http:\/\/www.stoppt-ttip-berlin.de\/?p=244"},"modified":"2016-03-23T17:31:44","modified_gmt":"2016-03-23T17:31:44","slug":"bus-zum-g7-gipfel-grosdemo-am-4-juni-in-munchen","status":"publish","type":"post","link":"https:\/\/www.stoppt-ttip-berlin.de\/?p=244","title":{"rendered":"Bus zum G7-Gipfel \u2013 Gro\u00dfdemo am 4. Juni in M\u00fcnchen"},"content":{"rendered":"<p>Anfang Juni treffen sich die Regierungschefs der f\u00fchrenden Industriestaaten zum G7-Gipfel im Schloss Elmau bei M\u00fcnchen. Mit einer gro\u00dfen und friedlichen Demonstration machen wir ihnen klar: Ihre Freihandelsabkommen TTIP, CETA und TISA treffen auf den breiten Widerstand der Menschen. Gemeinsam streiten wir daf\u00fcr, dass endlich beim Klimaschutz ernst gemacht und Armut konsequent bek\u00e4mpft wird.<\/p>\n<p><strong>Bus am 4. Juni : Berlin &#8211; M\u00fcnchen &#8211; Berlin<br \/>\n<\/strong><\/p>\n<p>Wir fahren am 4. Juni mit einem Bus\u00a0 zur Gro\u00dfdemonstration nach M\u00fcnchen und wieder zur\u00fcck nach Berlin. Wenn Ihr mitfahren wollt, dann schreibt doch bitte eine Email an: <strong><span style=\"color: #0000ff;\">info[aet]stoppt-ttip-berlin.de<\/span><\/strong><\/p>\n<p><a href=\"http:\/\/g7-demo.de\"><strong>G7 Demo: &#8222;TTIP Stoppen! \u2013 Klima retten! \u2013 Armut bek\u00e4mpfen!<\/strong><\/a><\/p>\n<p><a href=\"http:\/\/g7-demo.de\"><img loading=\"lazy\" decoding=\"async\" class=\"alignnone size-full wp-image-245\" src=\"https:\/\/www.stoppt-ttip-berlin.de\/wp-content\/uploads\/2015\/05\/G7-Banner-300-x-250.jpg\" alt=\"G7-Banner-300-x-250\" width=\"300\" height=\"250\" \/><\/a><\/p>\n<p>Au\u00dferdem bitten wir alle, den Aufruf zu unterzeichnen:<br \/>\n<a title=\"http:\/\/g7-demo.de\/home\/aufruf\/aufruf-unterzeichnen\/\" href=\"http:\/\/g7-demo.de\/home\/aufruf\/aufruf-unterzeichnen\/\" target=\"_blank\">http:\/\/g7-demo.de\/home\/aufruf\/aufruf-unterzeichnen\/<\/a><\/p>\n<hr \/>\n","protected":false},"excerpt":{"rendered":"<p>Anfang Juni treffen sich die Regierungschefs der f\u00fchrenden Industriestaaten zum G7-Gipfel im Schloss Elmau bei M\u00fcnchen. Mit einer gro\u00dfen und friedlichen Demonstration machen wir ihnen klar: Ihre Freihandelsabkommen TTIP, CETA und TISA treffen auf den breiten Widerstand der Menschen. Gemeinsam &hellip; <a href=\"https:\/\/www.stoppt-ttip-berlin.de\/?p=244\">Weiterlesen <span class=\"meta-nav\">&rarr;<\/span><\/a><\/p>\n","protected":false},"author":1,"featured_media":0,"comment_status":"closed","ping_status":"closed","sticky":false,"template":"","format":"standard","meta":{"footnotes":""},"categories":[1],"tags":[21,6,19,20,22,3],"class_list":["post-244","post","type-post","status-publish","format-standard","hentry","category-uncategorized","tag-g7_demo","tag-ceta","tag-g7-demo","tag-grosdemonstration","tag-munchen","tag-ttip"],"_links":{"self":[{"href":"https:\/\/www.stoppt-ttip-berlin.de\/index.php?rest_route=\/wp\/v2\/posts\/244","targetHints":{"allow":["GET"]}}],"collection":[{"href":"https:\/\/www.stoppt-ttip-berlin.de\/index.php?rest_route=\/wp\/v2\/posts"}],"about":[{"href":"https:\/\/www.stoppt-ttip-berlin.de\/index.php?rest_route=\/wp\/v2\/types\/post"}],"author":[{"embeddable":true,"href":"https:\/\/www.stoppt-ttip-berlin.de\/index.php?rest_route=\/wp\/v2\/users\/1"}],"replies":[{"embeddable":true,"href":"https:\/\/www.stoppt-ttip-berlin.de\/index.php?rest_route=%2Fwp%2Fv2%2Fcomments&post=244"}],"version-history":[{"count":7,"href":"https:\/\/www.stoppt-ttip-berlin.de\/index.php?rest_route=\/wp\/v2\/posts\/244\/revisions"}],"predecessor-version":[{"id":454,"href":"https:\/\/www.stoppt-ttip-berlin.de\/index.php?rest_route=\/wp\/v2\/posts\/244\/revisions\/454"}],"wp:attachment":[{"href":"https:\/\/www.stoppt-ttip-berlin.de\/index.php?rest_route=%2Fwp%2Fv2%2Fmedia&parent=244"}],"wp:term":[{"taxonomy":"category","embeddable":true,"href":"https:\/\/www.stoppt-ttip-berlin.de\/index.php?rest_route=%2Fwp%2Fv2%2Fcategories&post=244"},{"taxonomy":"post_tag","embeddable":true,"href":"https:\/\/www.stoppt-ttip-berlin.de\/index.php?rest_route=%2Fwp%2Fv2%2Ftags&post=244"}],"curies":[{"name":"wp","href":"https:\/\/api.w.org\/{rel}","templated":true}]}}