{"id":239,"date":"2015-05-08T09:54:15","date_gmt":"2015-05-08T09:54:15","guid":{"rendered":"http:\/\/www.stoppt-ttip-berlin.de\/?p=239"},"modified":"2016-03-23T17:31:52","modified_gmt":"2016-03-23T17:31:52","slug":"kultur-braucht-kein-ttip-aktionstag-21-mai","status":"publish","type":"post","link":"https:\/\/www.stoppt-ttip-berlin.de\/?p=239","title":{"rendered":"Kultur braucht kein TTIP \u2013 Aktionstag 21. Mai"},"content":{"rendered":"<div class=\"field field-name-body field-type-text-with-summary field-label-hidden\">\n<div class=\"field-items\">\n<div class=\"field-item even\">\n<p>Am 21.05.2015, findet der Tag gegen TTIP unter dem Motto &#8222;Kultur braucht kein TTIP&#8220; statt. Der Deutsche Kulturrat, der Spitzenverband der Bundeskulturverb\u00e4nde, ruft dazu auf, an diesem Tag, dem internationalen Tag der kulturellen Vielfalt, mit <a href=\"http:\/\/www.tag-gegen-ttip.de\/veranstaltungen\">Veranstaltungen<\/a>, Diskussionen und anderen Aktionen sich mit den Freihandelsabkommen TTIP, CETA und Co. auseinanderzusetzen.<\/p>\n<p>Die Europ\u00e4ische Kommission verhandelt mit der US-amerikanischen Regierung \u00fcber die gr\u00f6\u00dfte Freihandelszone der Welt (TTIP). Ziel ist es, alle vermeintlichen Handelshemmnisse zwischen beiden Wirtschaftsr\u00e4umen abzubauen. Kulturelle Vielfalt, so scheint es, ist gesch\u00e4ftssch\u00e4digend!<\/p>\n<p><strong>In Europa besteht eine gro\u00dfe Vielfalt<\/strong><strong>\u00a0 <\/strong><\/p>\n<ul>\n<li><em>an Sprachen und kulturellen Ausdrucksformen,<\/em><\/li>\n<li><em>an Kulturunternehmen unterschiedlicher Gr\u00f6\u00dfe,<\/em><\/li>\n<li><em>an differenzierten \u00f6ffentlichen F\u00f6rderinstrumenten f\u00fcr die Kultur.<\/em><\/li>\n<\/ul>\n<p><strong>TTIP gef\u00e4hrdet diese kulturelle Vielfalt, weil<\/strong><\/p>\n<ul>\n<li><em>Kultur bei den TTIP-Verhandlungen nur als Ware betrachtet wird, <\/em><\/li>\n<li><em>Bildung nur als Dienstleistung unter Marktgesichtspunkten gesehen wird.<\/em><strong>\u00a0 <\/strong><\/li>\n<\/ul>\n<p><strong>Kulturelle G\u00fcter und Dienstleistungen sind einzigartig und individuell. <\/strong><\/p>\n<ul>\n<li><em>Wir brauchen in Europa keinen einheitlichen Kulturmarkt, sondern ad\u00e4quate F\u00f6rderungen f\u00fcr das, was es schwer hat.<\/em><\/li>\n<li><em>Wir brauchen in Europa keinen Einheitsbrei, sondern Chancen f\u00fcr Vielfalt. <\/em><\/li>\n<\/ul>\n<p>Der Deutsche Kulturrat hat Materialen (Postkarten, Poster und Aufkleber) f\u00fcr die Veranstaltungen vor Ort mit dem Slogan \u201eKultur braucht kein TTIP\u201c erstellt. Die Materialien k\u00f6nnen unter <strong><a href=\"http:\/\/www.tag-gegen-ttip.de\/Shop\">http:\/\/www.tag-gegen-ttip.de\/Shop<\/a><\/strong> bestellt werden.<\/p>\n<p><a href=\"http:\/\/www.tag-gegen-ttip.de\/Shop\"><img loading=\"lazy\" decoding=\"async\" class=\"alignnone size-full wp-image-240\" src=\"https:\/\/www.stoppt-ttip-berlin.de\/wp-content\/uploads\/2015\/05\/Tag-gegen-TTIP_Plakat_web_01.jpg\" alt=\"Tag gegen TTIP_Plakat_web_01\" width=\"300\" height=\"425\" srcset=\"https:\/\/www.stoppt-ttip-berlin.de\/wp-content\/uploads\/2015\/05\/Tag-gegen-TTIP_Plakat_web_01.jpg 300w, https:\/\/www.stoppt-ttip-berlin.de\/wp-content\/uploads\/2015\/05\/Tag-gegen-TTIP_Plakat_web_01-212x300.jpg 212w\" sizes=\"auto, (max-width: 300px) 100vw, 300px\" \/><\/a><br \/>\n<!--more--><\/p>\n<p>Der Gesch\u00e4ftsf\u00fchrer des Deutschen Kulturrates, <strong>Olaf Zimmermann<\/strong>, sagte: &#8222;Kultur braucht kein TTIP, das wird immer klarer, je intensiver man sich mit dem Freihandelsabkommen zwischen der Europ\u00e4ischen Union und den USA besch\u00e4ftigt. Der 21. Mai wird der bundesweite Protesttag gegen TTIP, CETA und Co. werden. Wir bitten alle K\u00fcnstler, Kultureinrichtungen und Kulturorganisationen, sich am Tag gegen TTIP, CETA und Co. zu beteiligen. Gehen Sie in die \u00d6ffentlichkeit, informieren Sie \u00fcber die Gefahren von TTIP, CETA und Co.. Doch wir wollen den Aktionstag nicht auf den Kulturbereich begrenzen, sondern laden herzlich alle aus dem Umwelt-, Sozial- und Verbraucherbereich, den Demokratiebewegungen, den Kirchen, den Parteien, den Gewerkschaften und den Kommunen ein, an diesem Tag mit dem Kulturbereich gemeinsam im ganzen Land dezentral aktiv zu werden. Wir freuen uns auf viele neue B\u00fcndnisse gegen TTIP, CETA und Co.!&#8220;<\/p>\n<ul>\n<li>Hier geht es zur Bestellm\u00f6glichkeit des Aktionsmaterials: <a href=\"http:\/\/www.tag-gegen-ttip.de\/Shop\">http:\/\/www.tag-gegen-ttip.de\/Shop<\/a><\/li>\n<li>Hier geht es zu weiteren Informationen: <a href=\"http:\/\/www.tag-gegen-ttip.de\/\">www.tag-gegen-ttip.de<\/a>.<\/li>\n<\/ul>\n<\/div>\n<\/div>\n<\/div>\n<hr \/>\n","protected":false},"excerpt":{"rendered":"<p>Am 21.05.2015, findet der Tag gegen TTIP unter dem Motto &#8222;Kultur braucht kein TTIP&#8220; statt. Der Deutsche Kulturrat, der Spitzenverband der Bundeskulturverb\u00e4nde, ruft dazu auf, an diesem Tag, dem internationalen Tag der kulturellen Vielfalt, mit Veranstaltungen, Diskussionen und anderen Aktionen &hellip; <a href=\"https:\/\/www.stoppt-ttip-berlin.de\/?p=239\">Weiterlesen <span class=\"meta-nav\">&rarr;<\/span><\/a><\/p>\n","protected":false},"author":1,"featured_media":0,"comment_status":"closed","ping_status":"closed","sticky":false,"template":"","format":"standard","meta":{"footnotes":""},"categories":[1],"tags":[],"class_list":["post-239","post","type-post","status-publish","format-standard","hentry","category-uncategorized"],"_links":{"self":[{"href":"https:\/\/www.stoppt-ttip-berlin.de\/index.php?rest_route=\/wp\/v2\/posts\/239","targetHints":{"allow":["GET"]}}],"collection":[{"href":"https:\/\/www.stoppt-ttip-berlin.de\/index.php?rest_route=\/wp\/v2\/posts"}],"about":[{"href":"https:\/\/www.stoppt-ttip-berlin.de\/index.php?rest_route=\/wp\/v2\/types\/post"}],"author":[{"embeddable":true,"href":"https:\/\/www.stoppt-ttip-berlin.de\/index.php?rest_route=\/wp\/v2\/users\/1"}],"replies":[{"embeddable":true,"href":"https:\/\/www.stoppt-ttip-berlin.de\/index.php?rest_route=%2Fwp%2Fv2%2Fcomments&post=239"}],"version-history":[{"count":6,"href":"https:\/\/www.stoppt-ttip-berlin.de\/index.php?rest_route=\/wp\/v2\/posts\/239\/revisions"}],"predecessor-version":[{"id":455,"href":"https:\/\/www.stoppt-ttip-berlin.de\/index.php?rest_route=\/wp\/v2\/posts\/239\/revisions\/455"}],"wp:attachment":[{"href":"https:\/\/www.stoppt-ttip-berlin.de\/index.php?rest_route=%2Fwp%2Fv2%2Fmedia&parent=239"}],"wp:term":[{"taxonomy":"category","embeddable":true,"href":"https:\/\/www.stoppt-ttip-berlin.de\/index.php?rest_route=%2Fwp%2Fv2%2Fcategories&post=239"},{"taxonomy":"post_tag","embeddable":true,"href":"https:\/\/www.stoppt-ttip-berlin.de\/index.php?rest_route=%2Fwp%2Fv2%2Ftags&post=239"}],"curies":[{"name":"wp","href":"https:\/\/api.w.org\/{rel}","templated":true}]}}