{"id":1449,"date":"2019-10-31T14:49:57","date_gmt":"2019-10-31T14:49:57","guid":{"rendered":"http:\/\/www.stoppt-ttip-berlin.de\/?p=1449"},"modified":"2019-10-31T14:52:57","modified_gmt":"2019-10-31T14:52:57","slug":"grune-klima-retten-stoppt-ceta-im-bundesrat","status":"publish","type":"post","link":"https:\/\/www.stoppt-ttip-berlin.de\/?p=1449","title":{"rendered":"Gr\u00fcne, Klima retten! Stoppt CETA im Bundesrat!"},"content":{"rendered":"<p><strong>Aktion vor der Bundesgesch\u00e4ftsstelle von B\u00fcndnis 90\/Die Gr\u00fcnen:<\/strong><\/p>\n<p>Am Montag, den 04.11.2019 tagt der Bundesvorstand von B\u00fcndnis 90\/Die Gr\u00fcnen. Das \u201eBerliner Netzwerk TTIP | CETA | TiSA stoppen!\u201c wird den Bundesvorstand mit einer Aktion unter dem Motto \u201eGr\u00fcne, Klima retten! Stoppt CETA im Bundesrat!\u201c empfangen. Gemeinsam fordern wir B\u00fcndnis 90\/Die Gr\u00fcnen auf, CETA im Bundesrat abzulehnen. In den Landesregierungen von Baden-W\u00fcrttemberg, Hamburg und Hessen haben sich die gr\u00fcnen Minister bisher nicht zu einer Ablehnung von CETA ge\u00e4u\u00dfert. Das muss sich \u00e4ndern!<\/p>\n<p>B\u00fcndnis 90\/Die Gr\u00fcnen ist aktuell in 9 Bundesl\u00e4ndern an Landesregierungen beteiligt, die 37 von 69 Stimmen im Bundesrat stellen. Damit k\u00f6nnen die Landesregierungen, an denen B\u00fcndnis 90\/Die Gr\u00fcnen beteiligt ist, eine Zustimmung zu CETA im Bundesrat verhindern. Die Partei hat sich aktiv an den Aktionen und am Protest gegen das Freihandelsabkommen EU-Kanada (CETA) beteiligt. Nun erwarten die Aktiven von der Partei, dass B\u00fcndnis 90\/Die Gr\u00fcnen diese Politik in die Realit\u00e4t umsetzt.<\/p>\n<h4><strong>Wir treffen uns Montag, 04.11.2019 um 08.45 Uhr<\/strong><\/h4>\n<h4><strong>Vor der Bundesgesch\u00e4ftsstelle von B\u00fcndnis 90\/Die Gr\u00fcnen (Platz vor dem Neuen Tor 1, 10115 Berlin)<\/strong><\/h4>\n<p>Berliner Netzwerk TTIP | CETA | TiSA stoppen!<\/p>\n","protected":false},"excerpt":{"rendered":"<p>Aktion vor der Bundesgesch\u00e4ftsstelle von B\u00fcndnis 90\/Die Gr\u00fcnen: Am Montag, den 04.11.2019 tagt der Bundesvorstand von B\u00fcndnis 90\/Die Gr\u00fcnen. Das \u201eBerliner Netzwerk TTIP | CETA | TiSA stoppen!\u201c wird den Bundesvorstand mit einer Aktion unter dem Motto \u201eGr\u00fcne, Klima retten! &hellip; <a href=\"https:\/\/www.stoppt-ttip-berlin.de\/?p=1449\">Weiterlesen <span class=\"meta-nav\">&rarr;<\/span><\/a><\/p>\n","protected":false},"author":4,"featured_media":0,"comment_status":"closed","ping_status":"closed","sticky":false,"template":"","format":"standard","meta":{"footnotes":""},"categories":[1],"tags":[],"class_list":["post-1449","post","type-post","status-publish","format-standard","hentry","category-uncategorized"],"_links":{"self":[{"href":"https:\/\/www.stoppt-ttip-berlin.de\/index.php?rest_route=\/wp\/v2\/posts\/1449","targetHints":{"allow":["GET"]}}],"collection":[{"href":"https:\/\/www.stoppt-ttip-berlin.de\/index.php?rest_route=\/wp\/v2\/posts"}],"about":[{"href":"https:\/\/www.stoppt-ttip-berlin.de\/index.php?rest_route=\/wp\/v2\/types\/post"}],"author":[{"embeddable":true,"href":"https:\/\/www.stoppt-ttip-berlin.de\/index.php?rest_route=\/wp\/v2\/users\/4"}],"replies":[{"embeddable":true,"href":"https:\/\/www.stoppt-ttip-berlin.de\/index.php?rest_route=%2Fwp%2Fv2%2Fcomments&post=1449"}],"version-history":[{"count":7,"href":"https:\/\/www.stoppt-ttip-berlin.de\/index.php?rest_route=\/wp\/v2\/posts\/1449\/revisions"}],"predecessor-version":[{"id":1456,"href":"https:\/\/www.stoppt-ttip-berlin.de\/index.php?rest_route=\/wp\/v2\/posts\/1449\/revisions\/1456"}],"wp:attachment":[{"href":"https:\/\/www.stoppt-ttip-berlin.de\/index.php?rest_route=%2Fwp%2Fv2%2Fmedia&parent=1449"}],"wp:term":[{"taxonomy":"category","embeddable":true,"href":"https:\/\/www.stoppt-ttip-berlin.de\/index.php?rest_route=%2Fwp%2Fv2%2Fcategories&post=1449"},{"taxonomy":"post_tag","embeddable":true,"href":"https:\/\/www.stoppt-ttip-berlin.de\/index.php?rest_route=%2Fwp%2Fv2%2Ftags&post=1449"}],"curies":[{"name":"wp","href":"https:\/\/api.w.org\/{rel}","templated":true}]}}