{"id":1397,"date":"2019-02-09T14:14:26","date_gmt":"2019-02-09T14:14:26","guid":{"rendered":"http:\/\/www.stoppt-ttip-berlin.de\/?p=1397"},"modified":"2019-02-09T14:16:41","modified_gmt":"2019-02-09T14:16:41","slug":"montag-11-februar-2019-1930-die-folgen-von-ttip-ceta-jefta","status":"publish","type":"post","link":"https:\/\/www.stoppt-ttip-berlin.de\/?p=1397","title":{"rendered":"11. Februar 2019, 19:30 &#8211; Die Folgen von TTIP | CETA | JEFTA"},"content":{"rendered":"<p class=\"western\" align=\"center\"><strong>Einladung<\/strong><\/p>\n<p class=\"western\" align=\"center\">Vortrags- und Gespr\u00e4chsabend<\/p>\n<p class=\"western\" align=\"center\">TTIP, CETA, JEFTA<\/p>\n<p class=\"western\" align=\"center\">Wie die neuen Freihandelsabkommen Rechtsstaat und Demokratie<\/p>\n<p class=\"western\" align=\"center\">sowie die zwischenstaatlichen Beziehungen ver\u00e4ndern<\/p>\n<p class=\"western\" align=\"center\">Termin: Montag, 11. Februar 2019<br \/>\nUhrzeit: 19:30 \u2013 21:00 Uhr<br \/>\nOrt: Urania Berlin e. V.<br \/>\n(An der Urania 17, 10787 Berlin, <a href=\"https:\/\/osm.org\/go\/0MZu564Rg-?m=\" target=\"_blank\" rel=\"noopener noreferrer\">openstreetmap<\/a>)<\/p>\n<p class=\"western\" align=\"center\">Referent: Professor Dr. Siegfried Bro\u00df, Verfassungsrichter a. D.,<\/p>\n<p class=\"western\" align=\"center\">Moderation: Pia Eberhardt (Corporate Europe Observatory)<\/p>\n<p align=\"center\"><img loading=\"lazy\" decoding=\"async\" class=\"aligncenter wp-image-1404\" src=\"https:\/\/www.stoppt-ttip-berlin.de\/wp-content\/uploads\/2019\/02\/20190211-bross-eberhardt.png\" alt=\"\" width=\"500\" height=\"529\" srcset=\"https:\/\/www.stoppt-ttip-berlin.de\/wp-content\/uploads\/2019\/02\/20190211-bross-eberhardt.png 633w, https:\/\/www.stoppt-ttip-berlin.de\/wp-content\/uploads\/2019\/02\/20190211-bross-eberhardt-283x300.png 283w\" sizes=\"auto, (max-width: 500px) 100vw, 500px\" \/><\/p>\n<p class=\"western\" align=\"center\"><em>Sehr geehrte Damen und Herren, liebe Freund_innen und Kolleg_innen,<\/em><\/p>\n<p class=\"western\" align=\"center\">wir \u2013 das Berliner Netzwerk \u201eTTIP | CETA | TiSA stoppen!\u201c \u2013 laden herzlich ein zu einem Vortrags- und Gespr\u00e4chsabend.<\/p>\n<p class=\"western\" align=\"center\">Kaum eine Frage bewegt die \u00d6ffentlichkeit so sehr wie die umstrittenen Abkommen der EU mit den USA (<strong>TTIP<\/strong>), Kanada (<strong>CETA<\/strong>) oder Japan (<strong>JEFTA<\/strong>). Die gr\u00f6\u00dften Demonstrationen der letzten Jahre mit 250.000 Teilnehmern (2015) und 320.000 Teilnehmern (2016) richteten sich gegen diese Vertragswerke.<\/p>\n<p align=\"center\"><img loading=\"lazy\" decoding=\"async\" class=\"size-full wp-image-1400 aligncenter\" src=\"https:\/\/www.stoppt-ttip-berlin.de\/wp-content\/uploads\/2019\/02\/ebi.png\" alt=\"\" width=\"433\" height=\"239\" srcset=\"https:\/\/www.stoppt-ttip-berlin.de\/wp-content\/uploads\/2019\/02\/ebi.png 433w, https:\/\/www.stoppt-ttip-berlin.de\/wp-content\/uploads\/2019\/02\/ebi-300x166.png 300w\" sizes=\"auto, (max-width: 433px) 100vw, 433px\" \/><\/p>\n<p class=\"western\" align=\"center\">Eine EU-weite Unterschriftenaktion unterzeichneten 3,2 Millionen Menschen. Ganz aktuell haben am 22. Januar \u00fcber 150 Organisationen die europ\u00e4ische Initiative <strong>\u201e<\/strong><strong><a href=\"https:\/\/www.stoppt-ttip-berlin.de\/?p=1366\" target=\"_blank\" rel=\"noopener noreferrer\">Menschenrechte sch\u00fctzen \u2013 Konzernklagen stoppen!<\/a>\u201c<\/strong> gegen die geplante Paralleljustiz f\u00fcr Konzerne der neuen Freihandels- und Investorenschutz\u00adabkommen gestartet. In Deutschland war das Quorum bereits innerhalb weniger Stunden erf\u00fcllt.<\/p>\n<p class=\"western\" align=\"center\"><img loading=\"lazy\" decoding=\"async\" class=\"size-full wp-image-1399 aligncenter\" src=\"https:\/\/www.stoppt-ttip-berlin.de\/wp-content\/uploads\/2019\/02\/190110_StopISDS_Logo_complete_4c_D_PFAD-300x229.jpg\" alt=\"\" width=\"300\" height=\"229\" \/><\/p>\n<p class=\"western\" align=\"center\">Der Widerstand w\u00e4chst nicht zu Unrecht: Die neue Generation der Freihandels- und Investitionsschutzvertr\u00e4ge sind n\u00e4mlich keine reinen Handelsvertr\u00e4ge. Sie greifen tief in das nationale und internationale Rechtssystem ein.<\/p>\n<p class=\"western\" align=\"center\">Mit weitreichenden \u201eKollateralsch\u00e4den\u201c f\u00fcr Demokratie, Rechtsstaat, Menschenrechte und die internationale Staatengemeinschaft. Erst allm\u00e4hlich wird mehr \u00fcber diese Seite der Vertr\u00e4ge bekannt. Beim \u201eAchmea\u201c-Urteil beispielsweise entschied der Europ\u00e4ische Gerichtshof am 6. M\u00e4rz 2018, dass die Investitionsschiedsgerichtsbarkeit in innereurop\u00e4ischen bilateralen Abkommen nicht mit dem EU-Recht vereinbar ist, weil diese die \u201eAutonomie des Unionsrechts\u201c beeintr\u00e4chtigten. In seinem Vortrag wird Prof. Dr. <strong>Siegfried Bro\u00df<\/strong> das Neuartige dieser Abkommen, ihren v\u00f6lkerrechtlichen Charakter und ihre Brisanz f\u00fcr das Demokratie-, Rechtsstaats- und Sozialstaatsprinzip erkl\u00e4ren.<\/p>\n<p class=\"western\" align=\"center\"><img loading=\"lazy\" decoding=\"async\" class=\"alignleft size-large wp-image-1392\" src=\"https:\/\/www.stoppt-ttip-berlin.de\/wp-content\/uploads\/2018\/11\/logoleiste_2019-1024x179.jpg\" alt=\"\" width=\"640\" height=\"112\" srcset=\"https:\/\/www.stoppt-ttip-berlin.de\/wp-content\/uploads\/2018\/11\/logoleiste_2019-1024x179.jpg 1024w, https:\/\/www.stoppt-ttip-berlin.de\/wp-content\/uploads\/2018\/11\/logoleiste_2019-300x52.jpg 300w, https:\/\/www.stoppt-ttip-berlin.de\/wp-content\/uploads\/2018\/11\/logoleiste_2019-768x134.jpg 768w\" sizes=\"auto, (max-width: 640px) 100vw, 640px\" \/><\/p>\n<p class=\"western\" align=\"center\">Wir freuen uns, am Montag zwei Personen begr\u00fc\u00dfen zu d\u00fcrfen, die aus zwei sehr unterschiedlichen Perspektiven mit den Freihandels- und Investitionsschutzabkommen befasst sind. Professor Dr. <strong>Siegfried Bro\u00df <\/strong>war Richter am Bundesverfassungsgericht. Seit vielen Jahren besch\u00e4ftigt er sich intensiv mit der Konstruktion und den Folgen der Freihandels- und Investitionsschutzvertr\u00e4ge. Nach Ansicht des ehemaligen Lehrstuhlinhabers f\u00fcr Europarecht Professor Axel Flessner ist es nicht zuletzt Professor Bro\u00df zu verdanken, dass die Wirkung der Freihandelsabkommen auf die Verfassung der Bundesrepublik auf fundierte Weise in die \u00f6ffentliche Debatte gebracht worden ist.<\/p>\n<p class=\"western\" align=\"center\">Eine ganz andere Perspektive auf die Problematik bringt <strong>Pia Eberhardt<\/strong> ein. Sie gilt in den Medien als das \u201eGesicht des Widerstandes\u201c gegen TTIP. Sie arbeitet bei der NGO Corporate Europe Observatory seit vielen Jahren zu dem Thema und hat hierzu \u2013 wie auch Siegfried Bro\u00df \u2013 einschl\u00e4gige Publikationen verfasst. Die Veranstaltung wird also an diesem Abend \u201ezwei Welten\u201c \u2013 Zivilgesellschaft und Recht \u2013 zusammenbringen und zu einer hoffentlich fruchtbaren Diskussion f\u00fchren.<\/p>\n<p class=\"western\" align=\"center\"><span style=\"color: #0000ff;\"><strong>Programm<\/strong><\/span><\/p>\n<p class=\"western\" align=\"center\">19:30 \u2013 <strong>Begr\u00fc\u00dfung<\/strong><\/p>\n<p class=\"western\" align=\"center\">19:45 \u2013 <strong>Vortrag und Gespr\u00e4ch <\/strong><\/p>\n<p class=\"western\" align=\"center\">21:00 \u2013 <strong>Ende der Veranstaltung<\/strong><\/p>\n<p class=\"western\" align=\"center\">Tickets: <a href=\"https:\/\/uraniaberlin.reservix.de\/p\/reservix\/event\/1334089\" target=\"_blank\" rel=\"noopener noreferrer\">https:\/\/uraniaberlin.reservix.de\/p\/reservix\/event\/1334089<\/a>, Einlass 19.00<\/p>\n<p class=\"western\" align=\"center\"><em>Eine Veranstaltung der Urania Berlin e.V. in Zusammenarbeit mit dem Berliner Netzwerk TTIP | CETA | TiSA stoppen!<\/em><\/p>\n<p align=\"center\"><img loading=\"lazy\" decoding=\"async\" class=\"alignleft wp-image-1398\" src=\"https:\/\/www.stoppt-ttip-berlin.de\/wp-content\/uploads\/2019\/02\/urania.png\" alt=\"\" width=\"200\" height=\"85\" \/><\/p>\n<p>&nbsp;<\/p>\n","protected":false},"excerpt":{"rendered":"<p>Einladung Vortrags- und Gespr\u00e4chsabend TTIP, CETA, JEFTA Wie die neuen Freihandelsabkommen Rechtsstaat und Demokratie sowie die zwischenstaatlichen Beziehungen ver\u00e4ndern Termin: Montag, 11. Februar 2019 Uhrzeit: 19:30 \u2013 21:00 Uhr Ort: Urania Berlin e. V. (An der Urania 17, 10787 Berlin, &hellip; <a href=\"https:\/\/www.stoppt-ttip-berlin.de\/?p=1397\">Weiterlesen <span class=\"meta-nav\">&rarr;<\/span><\/a><\/p>\n","protected":false},"author":2,"featured_media":0,"comment_status":"closed","ping_status":"closed","sticky":false,"template":"","format":"standard","meta":{"footnotes":""},"categories":[1],"tags":[],"class_list":["post-1397","post","type-post","status-publish","format-standard","hentry","category-uncategorized"],"_links":{"self":[{"href":"https:\/\/www.stoppt-ttip-berlin.de\/index.php?rest_route=\/wp\/v2\/posts\/1397","targetHints":{"allow":["GET"]}}],"collection":[{"href":"https:\/\/www.stoppt-ttip-berlin.de\/index.php?rest_route=\/wp\/v2\/posts"}],"about":[{"href":"https:\/\/www.stoppt-ttip-berlin.de\/index.php?rest_route=\/wp\/v2\/types\/post"}],"author":[{"embeddable":true,"href":"https:\/\/www.stoppt-ttip-berlin.de\/index.php?rest_route=\/wp\/v2\/users\/2"}],"replies":[{"embeddable":true,"href":"https:\/\/www.stoppt-ttip-berlin.de\/index.php?rest_route=%2Fwp%2Fv2%2Fcomments&post=1397"}],"version-history":[{"count":4,"href":"https:\/\/www.stoppt-ttip-berlin.de\/index.php?rest_route=\/wp\/v2\/posts\/1397\/revisions"}],"predecessor-version":[{"id":1405,"href":"https:\/\/www.stoppt-ttip-berlin.de\/index.php?rest_route=\/wp\/v2\/posts\/1397\/revisions\/1405"}],"wp:attachment":[{"href":"https:\/\/www.stoppt-ttip-berlin.de\/index.php?rest_route=%2Fwp%2Fv2%2Fmedia&parent=1397"}],"wp:term":[{"taxonomy":"category","embeddable":true,"href":"https:\/\/www.stoppt-ttip-berlin.de\/index.php?rest_route=%2Fwp%2Fv2%2Fcategories&post=1397"},{"taxonomy":"post_tag","embeddable":true,"href":"https:\/\/www.stoppt-ttip-berlin.de\/index.php?rest_route=%2Fwp%2Fv2%2Ftags&post=1397"}],"curies":[{"name":"wp","href":"https:\/\/api.w.org\/{rel}","templated":true}]}}