{"id":1197,"date":"2018-03-10T13:50:40","date_gmt":"2018-03-10T13:50:40","guid":{"rendered":"http:\/\/www.stoppt-ttip-berlin.de\/?p=1197"},"modified":"2018-03-10T13:51:11","modified_gmt":"2018-03-10T13:51:11","slug":"achmea-urteil-des-eugh-ende-der-sonderklagerechte-fur-investoren","status":"publish","type":"post","link":"https:\/\/www.stoppt-ttip-berlin.de\/?p=1197","title":{"rendered":"Achmea-Urteil des EuGH. Ende der Sonderklagerechte f\u00fcr Investoren?"},"content":{"rendered":"<p><a href=\"https:\/\/www.stoppt-ttip-berlin.de\/wp-content\/uploads\/2017\/09\/netzwerkgerechterwelthandel.png\"><img loading=\"lazy\" decoding=\"async\" class=\"alignleft wp-image-994 size-medium\" src=\"https:\/\/www.stoppt-ttip-berlin.de\/wp-content\/uploads\/2017\/09\/netzwerkgerechterwelthandel-300x108.png\" alt=\"netzwerkgerechterwelthandel\" width=\"300\" height=\"108\" srcset=\"https:\/\/www.stoppt-ttip-berlin.de\/wp-content\/uploads\/2017\/09\/netzwerkgerechterwelthandel-300x108.png 300w, https:\/\/www.stoppt-ttip-berlin.de\/wp-content\/uploads\/2017\/09\/netzwerkgerechterwelthandel.png 562w\" sizes=\"auto, (max-width: 300px) 100vw, 300px\" \/><\/a><strong>Netzwerk Gerechter Welthandel<\/strong><\/p>\n<p>(Berlin, 8. M\u00e4rz 2018) Am 6. M\u00e4rz 2018 hat der Europ\u00e4ische Gerichtshof <a href=\"http:\/\/berliner-wassertisch.info\/eugh-20180306\/\">geurteilt<\/a>, dass Investitionsschiedsgerichte (ISDS) zwischen EU-Mitgliedstaaten nicht mit dem Europ\u00e4ischen Recht vereinbar sind. Konkret ging es um ein bilaterales Abkommen zwischen den Niederlanden und der Slowakei, das solche ISDS-Regelungen enth\u00e4lt. Das Urteil hat jedoch auch weitreichende Folgen f\u00fcr die etwa 200 weiteren Investitionsschutzabkommen zwischen EU-Mitgliedstaaten: Auch sie sind demnach nicht vereinbar mit Europ\u00e4ischem Recht und m\u00fcssen gek\u00fcndigt werden.<\/p>\n<p><img loading=\"lazy\" decoding=\"async\" class=\"alignright wp-image-1179 size-medium\" src=\"https:\/\/www.stoppt-ttip-berlin.de\/wp-content\/uploads\/2018\/03\/20180302_2-298x300.png\" alt=\"20180302_2\" width=\"298\" height=\"300\" srcset=\"https:\/\/www.stoppt-ttip-berlin.de\/wp-content\/uploads\/2018\/03\/20180302_2-298x300.png 298w, https:\/\/www.stoppt-ttip-berlin.de\/wp-content\/uploads\/2018\/03\/20180302_2-150x150.png 150w, https:\/\/www.stoppt-ttip-berlin.de\/wp-content\/uploads\/2018\/03\/20180302_2.png 535w\" sizes=\"auto, (max-width: 298px) 100vw, 298px\" \/><\/p>\n<p><strong>Mit diesem Urteil st\u00e4rkt der EuGH unsere Forderung, Sonderklagerechte f\u00fcr Investoren generell abzuschaffen.<\/strong> Denn ein Instrument, mit dem Konzerne Staaten auf entgangene Profitm\u00f6glichkeiten verklagen k\u00f6nnen, ist undemokratisch und kann enormen Druck auf die Entscheidungsfindung im \u00f6ffentlichen Interesse aus\u00fcben. <strong>Das Netzwerk Gerechter Welthandel und seine Mitgliedsorganisationen fordern, dass zuk\u00fcnftige Abkommen weder Sonderklagerechte f\u00fcr Konzerne noch materielle Privilegien f\u00fcr ausl\u00e4ndische Investoren enthalten d\u00fcrfen. Bestehende Vertr\u00e4ge m\u00fcssen gek\u00fcndigt und ggf. nachverhandelt werden.<\/strong><\/p>\n<p>Pressemitteilungen und weitere Informationen auf den Seiten der Mitgliedsorganisationen:<\/p>\n<div id=\"left-area\">\n<article id=\"post-1274\" class=\"et_pb_post post-1274 post type-post status-publish format-standard has-post-thumbnail hentry category-allgemein\">\n<div class=\"entry-content\">\n<ul>\n<li><a href=\"http:\/\/www.attac.de\/startseite\/detailansicht\/news\/eugh-konzernklagerechte-unvereinbar-mit-eu-recht\/\" target=\"_blank\" rel=\"noopener\">Attac<\/a><\/li>\n<li><a href=\"https:\/\/www.campact.de\/presse\/mitteilung\/mic-stoppen\/appell\/pm-06-03-2018-eugh-investitionsschutz\/\" target=\"_blank\" rel=\"noopener\">Campact<\/a><\/li>\n<li><a href=\"https:\/\/www.mehr-demokratie.de\/news\/2018\/europaeischer-gerichtshof-verbietet-isds-paralleljustiz-zwischen-eu-staaten\/\" target=\"_blank\" rel=\"noopener\">Mehr Demokratie<\/a><\/li>\n<li><a href=\"http:\/\/www.umweltinstitut.org\/presse\/presse-details\/aspresse\/129\/eugh-urteil-paralleljustiz-fuer-konzerne-verstoesst-gegen-eu-recht.html\" target=\"_blank\" rel=\"noopener\">Umweltinstitut M\u00fcnchen<\/a><\/li>\n<\/ul>\n<p>Die Pressemitteilung des EuGH: <a href=\"https:\/\/curia.europa.eu\/jcms\/upload\/docs\/application\/pdf\/2018-03\/cp180026de.pdf\" target=\"_blank\" rel=\"noopener\">https:\/\/curia.europa.eu\/jcms\/upload\/docs\/application\/pdf\/2018-03\/cp180026de.pdf<\/a><\/p>\n<p>Zum <a href=\"https:\/\/www.gerechter-welthandel.org\/2018\/03\/08\/eugh-urteil-paralleljustiz-fuer-konzerne-unvereinbar-mit-eu-recht\/\">Blogbeitrag<\/a><\/p>\n<\/div>\n<\/article>\n<\/div>\n<p>Eine Rechtsmeinung: Dr. Daniel Thym: <em><a href=\"https:\/\/verfassungsblog.de\/todesstoss-fuer-autonome-investitionsschutzgerichte\/\" target=\"_blank\">Todessto\u00df f\u00fcr autonome Investitionsschutzgerichte<\/a><\/em>. Verfassungsblog vom 8.3.2018 zum Urteil des Gerichtshofs in der Rechtssache C-284\/16 Achmea<\/p>\n<p>&nbsp;<\/p>\n","protected":false},"excerpt":{"rendered":"<p>Netzwerk Gerechter Welthandel (Berlin, 8. M\u00e4rz 2018) Am 6. M\u00e4rz 2018 hat der Europ\u00e4ische Gerichtshof geurteilt, dass Investitionsschiedsgerichte (ISDS) zwischen EU-Mitgliedstaaten nicht mit dem Europ\u00e4ischen Recht vereinbar sind. Konkret ging es um ein bilaterales Abkommen zwischen den Niederlanden und der &hellip; <a href=\"https:\/\/www.stoppt-ttip-berlin.de\/?p=1197\">Weiterlesen <span class=\"meta-nav\">&rarr;<\/span><\/a><\/p>\n","protected":false},"author":2,"featured_media":0,"comment_status":"closed","ping_status":"closed","sticky":false,"template":"","format":"standard","meta":{"footnotes":""},"categories":[1],"tags":[],"class_list":["post-1197","post","type-post","status-publish","format-standard","hentry","category-uncategorized"],"_links":{"self":[{"href":"https:\/\/www.stoppt-ttip-berlin.de\/index.php?rest_route=\/wp\/v2\/posts\/1197","targetHints":{"allow":["GET"]}}],"collection":[{"href":"https:\/\/www.stoppt-ttip-berlin.de\/index.php?rest_route=\/wp\/v2\/posts"}],"about":[{"href":"https:\/\/www.stoppt-ttip-berlin.de\/index.php?rest_route=\/wp\/v2\/types\/post"}],"author":[{"embeddable":true,"href":"https:\/\/www.stoppt-ttip-berlin.de\/index.php?rest_route=\/wp\/v2\/users\/2"}],"replies":[{"embeddable":true,"href":"https:\/\/www.stoppt-ttip-berlin.de\/index.php?rest_route=%2Fwp%2Fv2%2Fcomments&post=1197"}],"version-history":[{"count":2,"href":"https:\/\/www.stoppt-ttip-berlin.de\/index.php?rest_route=\/wp\/v2\/posts\/1197\/revisions"}],"predecessor-version":[{"id":1199,"href":"https:\/\/www.stoppt-ttip-berlin.de\/index.php?rest_route=\/wp\/v2\/posts\/1197\/revisions\/1199"}],"wp:attachment":[{"href":"https:\/\/www.stoppt-ttip-berlin.de\/index.php?rest_route=%2Fwp%2Fv2%2Fmedia&parent=1197"}],"wp:term":[{"taxonomy":"category","embeddable":true,"href":"https:\/\/www.stoppt-ttip-berlin.de\/index.php?rest_route=%2Fwp%2Fv2%2Fcategories&post=1197"},{"taxonomy":"post_tag","embeddable":true,"href":"https:\/\/www.stoppt-ttip-berlin.de\/index.php?rest_route=%2Fwp%2Fv2%2Ftags&post=1197"}],"curies":[{"name":"wp","href":"https:\/\/api.w.org\/{rel}","templated":true}]}}