{"id":1170,"date":"2018-02-27T09:00:15","date_gmt":"2018-02-27T09:00:15","guid":{"rendered":"http:\/\/www.stoppt-ttip-berlin.de\/?p=1170"},"modified":"2018-02-27T09:33:09","modified_gmt":"2018-02-27T09:33:09","slug":"2-marz-2018-protest-vor-dem-bundestag-nein-zur-ratifizierung-von-ceta","status":"publish","type":"post","link":"https:\/\/www.stoppt-ttip-berlin.de\/?p=1170","title":{"rendered":"2. M\u00e4rz 2018: Protest vor dem Bundestag: Nein zur Ratifizierung von CETA!"},"content":{"rendered":"<p>Am Freitag, 02.03.2018 debattiert der Deutsche Bundestag \u00fcber den eingebrachten <em>\u201eEntwurf eines Gesetzes zu dem umfassenden Wirtschafts- und Handelsabkommen vom 30. Oktober 2016 zwischen Kanada einerseits und der Europ\u00e4ischen Union und ihren Mitgliedsstaaten andererseits<\/em>\u201c der Fraktion der FDP, die in dem Entwurf die Ratifizierung des neoliberalen Freihandelsabkommen CETA fordert. Gleichzeitig liegt ein <a href=\"http:\/\/dipbt.bundestag.de\/extrakt\/ba\/WP19\/2302\/230295.html\" target=\"_blank\">Antrag<\/a> (<a href=\"http:\/\/dip21.bundestag.de\/dip21\/btd\/19\/000\/1900097.pdf\" target=\"_blank\">pdf<\/a>) der Fraktion DIE LINKE mit dem Titel<em> \u201e<a href=\"https:\/\/www.bundestag.de\/dokumente\/textarchiv\/2018\/kw09-de-handelsabkommen-kanada\/544514\" target=\"_blank\">Den Rechtstaat st\u00e4rken \u2013 Multilateralen Investitionsgerichtshof ablehnen und Paralleljustiz f\u00fcr Konzerne stoppen<\/a>\u201c<\/em> vor.*<br \/>\n<a href=\"https:\/\/www.stoppt-ttip-berlin.de\/wp-content\/uploads\/2017\/09\/stopceta.png\"><img loading=\"lazy\" decoding=\"async\" class=\"alignleft size-medium wp-image-974\" src=\"https:\/\/www.stoppt-ttip-berlin.de\/wp-content\/uploads\/2017\/09\/stopceta-300x191.png\" alt=\"stopceta\" width=\"300\" height=\"191\" srcset=\"https:\/\/www.stoppt-ttip-berlin.de\/wp-content\/uploads\/2017\/09\/stopceta-300x191.png 300w, https:\/\/www.stoppt-ttip-berlin.de\/wp-content\/uploads\/2017\/09\/stopceta.png 689w\" sizes=\"auto, (max-width: 300px) 100vw, 300px\" \/><\/a><br \/>\nWir wollen vor dem Deutschen Bundestag zeigen, dass wir das vorgelegte Freihandelsabkommen CETA ablehnen und die Fraktionen auffordern, dieses Freihandelsabkommen nicht zu ratifizieren.<\/p>\n<p>Wir fordern:<\/p>\n<p><strong>Nein zu neoliberalen Freihandelsabkommen! F\u00fcr eine gerechte Weltwirtschaft!<\/strong><br \/>\n<strong> Freihandelsabkommen EU-Kanada (CETA) nicht ratifizieren!<\/strong><br \/>\n<strong> Paralleljustiz verhindern, Internationale Schiedsgerichtsh\u00f6fe ablehnen!<\/strong><\/p>\n<p>Wir treffen uns:<br \/>\nFreitag, 02.03.2018<br \/>\nZeit: 9.30 Uhr<\/p>\n<p>Vor dem Bundestag, Platz der Republik (Reichstagswiese, befestigter Bereich)<\/p>\n<p>Es laden ein:<br \/>\nNaturFreunde Berlin<br \/>\nBerliner Netzwerk TTIP | CETA | TiSA stoppen!<br \/>\n<a href=\"https:\/\/www.stoppt-ttip-berlin.de\/wp-content\/uploads\/2017\/02\/logoleiste.jpg\"><img loading=\"lazy\" decoding=\"async\" class=\"alignleft size-large wp-image-864\" src=\"https:\/\/www.stoppt-ttip-berlin.de\/wp-content\/uploads\/2017\/02\/logoleiste-1024x179.jpg\" alt=\"logoleiste\" width=\"640\" height=\"112\" srcset=\"https:\/\/www.stoppt-ttip-berlin.de\/wp-content\/uploads\/2017\/02\/logoleiste-1024x179.jpg 1024w, https:\/\/www.stoppt-ttip-berlin.de\/wp-content\/uploads\/2017\/02\/logoleiste-300x52.jpg 300w, https:\/\/www.stoppt-ttip-berlin.de\/wp-content\/uploads\/2017\/02\/logoleiste.jpg 1063w\" sizes=\"auto, (max-width: 640px) 100vw, 640px\" \/><\/a><\/p>\n<p>* Protokolle hier nachlesbar <a href=\"https:\/\/www.bundestag.de\/dokumente\/protokolle\/amtlicheprotokolle\" target=\"_blank\" rel=\"noopener\">https:\/\/www.bundestag.de\/dokumente\/protokolle\/amtlicheprotokolle<\/a><\/p>\n<p><a href=\"https:\/\/www.stoppt-ttip-berlin.de\/wp-content\/uploads\/2018\/02\/bundestag.png\"><img loading=\"lazy\" decoding=\"async\" class=\"alignleft size-full wp-image-1174\" src=\"https:\/\/www.stoppt-ttip-berlin.de\/wp-content\/uploads\/2018\/02\/bundestag.png\" alt=\"bundestag\" width=\"364\" height=\"70\" srcset=\"https:\/\/www.stoppt-ttip-berlin.de\/wp-content\/uploads\/2018\/02\/bundestag.png 364w, https:\/\/www.stoppt-ttip-berlin.de\/wp-content\/uploads\/2018\/02\/bundestag-300x58.png 300w\" sizes=\"auto, (max-width: 364px) 100vw, 364px\" \/><\/a><\/p>\n<div class=\"row\">\n<article class=\"bt-artikel col-xs-12 col-md-6 bt-standard-content\">\n<div class=\"bt-standard-content\">\n<p><strong>&#8222;Live\u00fcbertragung (<a href=\"https:\/\/dbtg.tv\/cvid\/7195843\" target=\"_blank\">LINK<\/a>): Freitag, 2. M\u00e4rz, 10.30 Uhr<br \/>\n<\/strong><\/p>\n<div>\n<p>In verbundener Beratung debattiert der Bundestag am <strong>Freitag, 2. M\u00e4rz 2018<\/strong>, \u00fcber einen Gesetzentwurf der FDP-Fraktion zu dem umfassenden <strong>Wirtschafts- und Handelsabkommen <\/strong>vom 30. Oktober 2016 zwischen<strong> Kanada<\/strong> einerseits und der<strong> Europ\u00e4ischen Union<\/strong>\u00a0und ihren Mitgliedstaaten andererseits sowie \u00fcber einen Antrag der Fraktion Die Linke (<a class=\"dipLink\" title=\"Die PDF-Datei Drucksache 19\/97 \u00f6ffnet sich in einem neuen Fenster\" href=\"http:\/\/dip21.bundestag.de\/dip21\/btd\/19\/000\/1900097.pdf\" target=\"_blank\"><i class=\"icon-doc\"><\/i>19\/97<\/a>), in dem diese einen eigenen Gerichtshof auf europ\u00e4ischer Ebene f\u00fcr Konflikte zwischen Investoren, Unternehmen und Staaten ablehnt. 45 Minuten sind f\u00fcr die erste Lesung vorgesehen. Danach sollen beide Vorlagen zur federf\u00fchrenden Beratung an den Ausschuss f\u00fcr Wirtschaft und Energie \u00fcberwiesen werden.<\/p>\n<h4>\u201eUndurchsichtige Exklusivrechte\u201c bef\u00fcrchtet<\/h4>\n<p>Hintergrund des Antrags der Linksfraktion ist, dass die EU-Kommission derzeit ein Konzept f\u00fcr einen Multilateralen Investitionsgerichtshof (MIC) entwickelt; sie hat dazu einen Beschluss \u00fcber die Erm\u00e4chtigung zur Aufnahme von Verhandlungen vorgelegt. Dieser MIC soll die bisherigen Schiedsgerichte ersetzen. Die Bundesregierung hatte im Fr\u00fchjahr mitgeteilt, sie erwarte, dass der Gerichtshof auch die bilateralen Investitionsgerichte ersetzt. Sie wolle sich daf\u00fcr einsetzen, dass die Unabh\u00e4ngigkeit der bei MIC eingesetzten Richter durch geeignete Regelungen gew\u00e4hrleistet wird.<\/p>\n<p>Die Fraktion Die Linke hingegen bef\u00fcrchtet, dass durch die Einrichtung eines MIC ausl\u00e4ndischen Investoren und Konzernen undurchsichtige Exklusivrechte gew\u00e4hrt w\u00fcrden. \u201eIm Ergebnis st\u00e4rkt und zementiert der MIC eine Paralleljustiz zu Lasten normaler rechtsstaatlicher Verfahren, der \u00f6ffentlichen Haushalte und demokratischer Entscheidungen\u201c, schreiben die Abgeordneten in der Vorlage. Die Fraktion fordert daher, einen entsprechenden Entwurf der EU-Kommission zur\u00fcckzuweisen. Au\u00dferdem solle die Bundesregierung belastbare Fakten vorlegen, die eine Notwendigkeit des zus\u00e4tzlichen Schutzes von ausl\u00e4ndischen Investoren und Unternehmen belegen. (nal\/pez\/26.02.2018)&#8220;<\/p>\n<\/div>\n<\/div>\n<\/article>\n<aside class=\"bt-aside noSwipe col-xs-12 col-md-4 col-md-offset-1 bt-standard-content\">\n<div class=\"bt-dokumente bt-collapse\">\n<div class=\"row row-no-padding\">\n<div class=\"col-xs-12\">\n<h5 class=\"bt-title\">Dokumente<\/h5>\n<\/div>\n<\/div>\n<div id=\"bt-dokumente-collapse\" class=\"collapsed in\">\n<div class=\"bt-collapse-padding-bottom\">\n<ul class=\"bt-linkliste\">\n<li><a class=\"bt-link-dokument\" title=\"19\/97 - Antrag: Den Rechtsstaat st\u00e4rken - Multilateralen Investitionsgerichtshof ablehnen und Paralleljustiz f\u00fcr Konzerne stoppen, PDF, Link \u00f6ffnet ein neues Fenster\" href=\"http:\/\/dip21.bundestag.de\/dip21\/btd\/19\/000\/1900097.pdf\" target=\"_blank\"> 19\/97 &#8211; Antrag: Den Rechtsstaat st\u00e4rken &#8211; Multilateralen Investitionsgerichtshof ablehnen und Paralleljustiz f\u00fcr Konzerne stoppen &#8211; 22.11.2017<\/a><\/li>\n<\/ul>\n<\/div>\n<\/div>\n<\/div>\n<div class=\"bt-beschluss\">\n<div class=\"row row-no-padding\">\n<div class=\"col-xs-12\">\n<h5 class=\"bt-title\">Tagesordnung<\/h5>\n<\/div>\n<\/div>\n<div id=\"bt-sitzung-collapse\" class=\"collapsed in\">\n<div class=\"bt-collapse-padding-bottom\">\n<div>\n<p><a class=\"linkIntern\" href=\"https:\/\/www.bundestag.de\/tagesordnung?week=9&amp;year=2018\" target=\"_blank\"> Sitzungsverlauf <\/a><\/p>\n<\/div>\n<\/div>\n<\/div>\n<\/div>\n<div class=\"bt-beschluss\">\n<div class=\"row row-no-padding\">\n<div class=\"col-xs-12\">\n<h5 class=\"bt-title\">Herausgeber<\/h5>\n<\/div>\n<\/div>\n<div id=\"bt-beschluss-collapse_533908\" class=\"collapsed in\">\n<div class=\"bt-collapse-padding-bottom\">\n<p><a href=\"https:\/\/www.bundestag.de\/service\/impressum\/impressum\/196472\" target=\"_self\">Deutscher Bundestag, Online-Dienste<\/a><\/p>\n<\/div>\n<\/div>\n<\/div>\n<\/aside>\n<\/div>\n","protected":false},"excerpt":{"rendered":"<p>Am Freitag, 02.03.2018 debattiert der Deutsche Bundestag \u00fcber den eingebrachten \u201eEntwurf eines Gesetzes zu dem umfassenden Wirtschafts- und Handelsabkommen vom 30. Oktober 2016 zwischen Kanada einerseits und der Europ\u00e4ischen Union und ihren Mitgliedsstaaten andererseits\u201c der Fraktion der FDP, die in &hellip; <a href=\"https:\/\/www.stoppt-ttip-berlin.de\/?p=1170\">Weiterlesen <span class=\"meta-nav\">&rarr;<\/span><\/a><\/p>\n","protected":false},"author":2,"featured_media":0,"comment_status":"closed","ping_status":"closed","sticky":false,"template":"","format":"standard","meta":{"footnotes":""},"categories":[1],"tags":[6],"class_list":["post-1170","post","type-post","status-publish","format-standard","hentry","category-uncategorized","tag-ceta"],"_links":{"self":[{"href":"https:\/\/www.stoppt-ttip-berlin.de\/index.php?rest_route=\/wp\/v2\/posts\/1170","targetHints":{"allow":["GET"]}}],"collection":[{"href":"https:\/\/www.stoppt-ttip-berlin.de\/index.php?rest_route=\/wp\/v2\/posts"}],"about":[{"href":"https:\/\/www.stoppt-ttip-berlin.de\/index.php?rest_route=\/wp\/v2\/types\/post"}],"author":[{"embeddable":true,"href":"https:\/\/www.stoppt-ttip-berlin.de\/index.php?rest_route=\/wp\/v2\/users\/2"}],"replies":[{"embeddable":true,"href":"https:\/\/www.stoppt-ttip-berlin.de\/index.php?rest_route=%2Fwp%2Fv2%2Fcomments&post=1170"}],"version-history":[{"count":5,"href":"https:\/\/www.stoppt-ttip-berlin.de\/index.php?rest_route=\/wp\/v2\/posts\/1170\/revisions"}],"predecessor-version":[{"id":1176,"href":"https:\/\/www.stoppt-ttip-berlin.de\/index.php?rest_route=\/wp\/v2\/posts\/1170\/revisions\/1176"}],"wp:attachment":[{"href":"https:\/\/www.stoppt-ttip-berlin.de\/index.php?rest_route=%2Fwp%2Fv2%2Fmedia&parent=1170"}],"wp:term":[{"taxonomy":"category","embeddable":true,"href":"https:\/\/www.stoppt-ttip-berlin.de\/index.php?rest_route=%2Fwp%2Fv2%2Fcategories&post=1170"},{"taxonomy":"post_tag","embeddable":true,"href":"https:\/\/www.stoppt-ttip-berlin.de\/index.php?rest_route=%2Fwp%2Fv2%2Ftags&post=1170"}],"curies":[{"name":"wp","href":"https:\/\/api.w.org\/{rel}","templated":true}]}}