{"id":1157,"date":"2018-02-14T18:42:48","date_gmt":"2018-02-14T18:42:48","guid":{"rendered":"http:\/\/www.stoppt-ttip-berlin.de\/?p=1157"},"modified":"2018-02-14T19:14:10","modified_gmt":"2018-02-14T19:14:10","slug":"neue-studie-von-forum-umwelt-und-entwicklung-eu-handelspolitik-restlos-aus-der-zeit-gefallen-neue-abkommen-sollen-eine-langst-gescheiterte-politik-weiter-fortsetzen","status":"publish","type":"post","link":"https:\/\/www.stoppt-ttip-berlin.de\/?p=1157","title":{"rendered":"Neue Studie von Forum Umwelt und Entwicklung: EU-Handelspolitik restlos aus der Zeit gefallen \u2013 Neue Abkommen sollen eine l\u00e4ngst gescheiterte Politik weiter fortsetzen"},"content":{"rendered":"<p><img loading=\"lazy\" decoding=\"async\" class=\"alignleft size-full wp-image-1158\" src=\"https:\/\/www.stoppt-ttip-berlin.de\/wp-content\/uploads\/2018\/02\/forum.png\" alt=\"forum\" width=\"267\" height=\"122\" \/><\/p>\n<p>Deutsche Zivilgesellschaft ver\u00f6ffentlicht neue Studie (<a href=\"http:\/\/www.forumue.de\/wp-content\/uploads\/2018\/02\/Trade-for-all-_-FUE_AGHandel_2018.pdf\" target=\"_blank\">pdf<\/a>) zur Kritik der aktuellen EU-Handelspolitik: <em>\u201eTrade for all \u2013 Handel f\u00fcr alle? Probleme und Reformbedarf der aktuellen EU-Handelspolitik\u201c<\/em>. Die ExpertInnen heben hervor, dass die aktuelle EU-Handelspolitik den Herausforderungen der Gesellschaft nicht gewachsen ist. Sie zieht die falschen Schl\u00fcsse aus der Finanzkrise, st\u00e4rkt transnationale Konzerne und schw\u00e4cht kleine und mittelst\u00e4ndische Unternehmen, auch in der Landwirtschaft.<a href=\"http:\/\/www.forumue.de\/trade-for-all-handel-fuer-alle\/\"><img loading=\"lazy\" decoding=\"async\" class=\"alignright wp-image-1159\" src=\"https:\/\/www.stoppt-ttip-berlin.de\/wp-content\/uploads\/2018\/02\/studie_fue_201802.png\" alt=\"studie_fue_201802\" width=\"250\" height=\"355\" srcset=\"https:\/\/www.stoppt-ttip-berlin.de\/wp-content\/uploads\/2018\/02\/studie_fue_201802.png 353w, https:\/\/www.stoppt-ttip-berlin.de\/wp-content\/uploads\/2018\/02\/studie_fue_201802-211x300.png 211w\" sizes=\"auto, (max-width: 250px) 100vw, 250px\" \/><\/a><\/p>\n<p><em>\u201eDie EU-Handelsstrategie ,Trade for all\u2018 spricht viel von Nachhaltigkeit, Umweltschutz und Arbeitnehmerrechten. In der Praxis setzt die EU aber weiter auf Deregulierung und Markt\u00f6ffnung, die diesen Zielen in der Vergangenheit entgegenstanden\u201c<\/em>, sagt Tobias Reichert, Koordinator der AG-Handel und Handelsexperte bei Germanwatch. <em>\u201eDie neusten Angebote der Mercosur-Verhandlungen zeigen dies beim Agrarhandel besonders deutlich. Statt mit Argentinien, Brasilien, Paraguay und Uruguay \u00fcber h\u00f6here Umwelt- und Sozialstandards bei der Erzeugung von Ethanol, Soja und Rindfleisch zu sprechen, sollen nun die Importe gesteigert werde. Das hat verheerende Wirkungen f\u00fcr die b\u00e4uerliche Landwirtschaft und die Umwelt beider Seiten.\u201c<\/em><\/p>\n<p><em>\u201eDie EU-Handelspolitik muss endlich in der Praxis darauf abzielen Umwelt-, Sozial-, Daten-, Gesundheits- und Verbraucherschutzstandards zu erh\u00f6hen und als Grundlage jeglicher Handelsbeziehungen zu setzen, anstatt sie im Dumpingpreis-Wettkampf immer weiter zu senken oder auszuhebeln. Die Menschen haben genug von immer mehr Globalisierung und Deregulierung, und es wird h\u00f6chste Zeit, dass die Politik dies endlich begreift. Diese Handelspolitik ist nicht im Interesse der Umwelt oder der Menschen, sondern einzig und allein im Interesse der Konzerne\u201c<\/em>, betont J\u00fcrgen Maier, Gesch\u00e4ftsf\u00fchrer des Forum Umwelt und Entwicklung.<\/p>\n<p><em>\u201eDie Konzerne sitzen schon lange mit am Tisch, wenn es um die Verhandlungen, aber auch um die Umsetzung der Abkommen geht. Mit der sogenannten regulatorischen Kooperation, wird praktisch ein formeller Lobby-Mechanismus in Handelsabkommen verankert. Die EU-Kommission ignorierte die Kritik aus der \u00d6ffentlichkeit und vieler Parlamente der EU-Mitgliedsstaaten an der regulatorischen Kooperation im CETA-Abkommen mit Kanada und in den TTIP-Verhandlungen mit den USA. Im Gegenteil: Auch im JEFTA-Abkommen mit Japan ist das Einfallstor f\u00fcr Lobbyisten vorgesehen\u201c<\/em>, f\u00fcgt Alessa Hartmann hinzu, Koordinatorin der AG Handel und Handelsexpertin bei PowerShift.<\/p>\n<p>Pressemitteilung <a href=\"http:\/\/www.forumue.de\/pm-eu-handelspolitik-restlos-aus-der-zeit-gefallen-neue-abkommen-sollen-eine-laengst-gescheiterte-politik-weiter-fortsetzen\/\" target=\"_blank\">hier<\/a><\/p>\n<p>Die Studie online unter: <a href=\"http:\/\/www.forumue.de\/trade-for-all-handel-fuer-alle\/\"> http:\/\/www.forumue.de\/trade-for-all-handel-fuer-alle\/<\/a> und als <a href=\"http:\/\/www.forumue.de\/wp-content\/uploads\/2018\/02\/Trade-for-all-_-FUE_AGHandel_2018.pdf\" target=\"_blank\">pdf<\/a><\/p>\n<p>Die Publikation wird im Rahmen eines Webinar vorgestellt.<\/p>\n<p>EINLADUNG ZUM WEBINAR<br \/>\nREGISTIERUNG <a href=\"https:\/\/attendee.gotowebinar.com\/register\/8862058611062508546\" target=\"_blank\">hier<\/a><\/p>\n<p>WEBINAR:<br \/>\nMontag, 19.Februar \/ 17 Uhr (Dauer ca. 60 min)<\/p>\n<p><strong>EU-Handelspolitik&#8230;.war da was?<\/strong><br \/>\nEinf\u00fchrung in die aktuelle EU-Handelsstrategie nach TTIP&amp;Co.<br \/>\nVorstellung und Ver\u00f6ffentlichung der Studie <em>\u201eTrade for all \u2013 Handel f\u00fcr alle? Probleme und Reformbedarf der aktuellen EU-Handelspolitik&#8220;<\/em><\/p>\n<p>Gammelfleisch aus Brasilien, europ\u00e4ische Milchpulverberge in Afrika, Schiedsgerichte mit Singapur? Diese Schlaglichter zu aktuellen Verhandlungen der EU-Handelspolitik werfen Fragen nach ihrer Ausrichtung und Priorit\u00e4ten auf. Nicht zu Unrecht. Mit der \u00f6ffentlichen Kritik um TTIP &amp; Co hat die konzernfreundliche Freihandelspolitik der EU-Kommission in den vergangenen Jahren einen starken D\u00e4mpfer erlitten. Viele Menschen waren auf die Stra\u00dfe gegangen oder hatten auch die selbstorganisierte B\u00fcrgerinitiative \u201eStop TTIP&#8220; unterst\u00fctzt, um sich gegen die aktuelle Ausrichtung der EU-Handelspolitik auszusprechen. Doch seit TTIP auf Eis liegt ist es etwas stiller geworden. Hei\u00dft das aber auch alles steht still?<\/p>\n<p>Mitnichten! Die EU-Kommission verhandelt ohne Unterlass und unter Zeitdruck. Denn es ist klar, dass es nur eine Frage der Zeit ist, bis auff\u00e4llt, dass sie auf noch mehr Liberalisierung weltweit setzen. Dabei spricht die Realit\u00e4t eine andere Sprache: Es ist Zeit f\u00fcr einen Wandel und hin zu einer gerechten Handelspolitik, die eben nicht nur wenige Gewinner und viele Verlierer zur Folge hat, sondern im Sinne aller Menschen und der Umwelt handelt. Dies ist nicht nur ein europ\u00e4ischer Trend. \u00dcberall auf der Welt w\u00e4chst der Druck, \u00fcber Alternativen zur neoliberal gepr\u00e4gten Globalisierung nicht nur zu reden, sondern sie umzusetzen.<\/p>\n<p>In diesem Webinar geben wir einen Einblick in unsere neueste Studie <em>\u201eTrade for all \u2013 Handel f\u00fcr alle? Probleme und Reformbedarf der aktuellen EU-Handelspolitik&#8220;<\/em> zur EU-Handelsstrategie. Wir zeigen welche Themen wichtig sind und bei welchen Abkommen es sich lohnt genauer hinzuschauen.<\/p>\n<p>Die Teilnahme ist kostenfrei.<br \/>\nLink f\u00fcr die Anmeldung: <a href=\"https:\/\/attendee.gotowebinar.com\/register\/8862058611062508546\" target=\"_blank\" rel=\"noopener\">https:\/\/attendee.gotowebinar.com\/register\/8862058611062508546<\/a><\/p>\n<p><em>Input<\/em><br \/>\n<em> J\u00fcrgen Maier, Gesch\u00e4ftsf\u00fchrer des Forum Umwelt und Entwicklung<\/em><br \/>\n<em> Tobias Reichert, Handels- und Landwirtschaftsexperte bei Germanwatch<\/em><\/p>\n<p><em>Moderation<\/em><br \/>\n<em> Nelly Grotefendt, Handelsreferentin beim Forum Umwelt und Entwicklung<\/em><\/p>\n<p>Im Anschluss R\u00fcckfragen und Diskussion.<br \/>\nRegistrierung: <a href=\"https:\/\/attendee.gotowebinar.com\/register\/8862058611062508546\" target=\"_blank\" rel=\"noopener\">https:\/\/attendee.gotowebinar.com\/register\/8862058611062508546<\/a><\/p>\n<p>Ein Webinar von PowerShift, Germanwatch und dem Forum Umwelt und Entwicklung.<\/p>\n","protected":false},"excerpt":{"rendered":"<p>Deutsche Zivilgesellschaft ver\u00f6ffentlicht neue Studie (pdf) zur Kritik der aktuellen EU-Handelspolitik: \u201eTrade for all \u2013 Handel f\u00fcr alle? Probleme und Reformbedarf der aktuellen EU-Handelspolitik\u201c. Die ExpertInnen heben hervor, dass die aktuelle EU-Handelspolitik den Herausforderungen der Gesellschaft nicht gewachsen ist. Sie &hellip; <a href=\"https:\/\/www.stoppt-ttip-berlin.de\/?p=1157\">Weiterlesen <span class=\"meta-nav\">&rarr;<\/span><\/a><\/p>\n","protected":false},"author":2,"featured_media":0,"comment_status":"closed","ping_status":"closed","sticky":false,"template":"","format":"standard","meta":{"footnotes":""},"categories":[1],"tags":[],"class_list":["post-1157","post","type-post","status-publish","format-standard","hentry","category-uncategorized"],"_links":{"self":[{"href":"https:\/\/www.stoppt-ttip-berlin.de\/index.php?rest_route=\/wp\/v2\/posts\/1157","targetHints":{"allow":["GET"]}}],"collection":[{"href":"https:\/\/www.stoppt-ttip-berlin.de\/index.php?rest_route=\/wp\/v2\/posts"}],"about":[{"href":"https:\/\/www.stoppt-ttip-berlin.de\/index.php?rest_route=\/wp\/v2\/types\/post"}],"author":[{"embeddable":true,"href":"https:\/\/www.stoppt-ttip-berlin.de\/index.php?rest_route=\/wp\/v2\/users\/2"}],"replies":[{"embeddable":true,"href":"https:\/\/www.stoppt-ttip-berlin.de\/index.php?rest_route=%2Fwp%2Fv2%2Fcomments&post=1157"}],"version-history":[{"count":3,"href":"https:\/\/www.stoppt-ttip-berlin.de\/index.php?rest_route=\/wp\/v2\/posts\/1157\/revisions"}],"predecessor-version":[{"id":1162,"href":"https:\/\/www.stoppt-ttip-berlin.de\/index.php?rest_route=\/wp\/v2\/posts\/1157\/revisions\/1162"}],"wp:attachment":[{"href":"https:\/\/www.stoppt-ttip-berlin.de\/index.php?rest_route=%2Fwp%2Fv2%2Fmedia&parent=1157"}],"wp:term":[{"taxonomy":"category","embeddable":true,"href":"https:\/\/www.stoppt-ttip-berlin.de\/index.php?rest_route=%2Fwp%2Fv2%2Fcategories&post=1157"},{"taxonomy":"post_tag","embeddable":true,"href":"https:\/\/www.stoppt-ttip-berlin.de\/index.php?rest_route=%2Fwp%2Fv2%2Ftags&post=1157"}],"curies":[{"name":"wp","href":"https:\/\/api.w.org\/{rel}","templated":true}]}}